{"id":3536,"date":"2023-10-21T09:39:06","date_gmt":"2023-10-21T09:39:06","guid":{"rendered":"https:\/\/yar.deutschetage.ru\/?p=3536"},"modified":"2023-11-13T10:26:55","modified_gmt":"2023-11-13T10:26:55","slug":"anna-kostrova-moskva","status":"publish","type":"post","link":"https:\/\/yar.deutschetage.ru\/de\/anna-kostrova-moskva\/","title":{"rendered":"Anna Kostrowa, Moskau"},"content":{"rendered":"\n<figure class=\"wp-block-image size-large\"><img loading=\"lazy\" width=\"710\" height=\"708\" src=\"https:\/\/yar.deutschetage.ru\/wp-content\/uploads\/2023\/10\/kopiya-snimok-ekrana-2023-10-21-v-12.04.10.png\" alt=\"\" class=\"wp-image-3537\" srcset=\"https:\/\/yar.deutschetage.ru\/wp-content\/uploads\/2023\/10\/kopiya-snimok-ekrana-2023-10-21-v-12.04.10.png 710w, https:\/\/yar.deutschetage.ru\/wp-content\/uploads\/2023\/10\/kopiya-snimok-ekrana-2023-10-21-v-12.04.10-300x300.png 300w, https:\/\/yar.deutschetage.ru\/wp-content\/uploads\/2023\/10\/kopiya-snimok-ekrana-2023-10-21-v-12.04.10-150x150.png 150w\" sizes=\"(max-width: 710px) 100vw, 710px\" \/><\/figure>\n\n\n\n<p><strong><span class=\"has-inline-color has-vivid-red-color\">HOSE MIT METALLNIETEN<\/span><\/strong><\/p>\n\n\n\n<p>Wer von euch hat keine Jeanskleidung in seinem Kleiderschrank? Wussten Sie, dass der Autor dieser Kleidung deutscher Herkunft ist, obwohl der Geburtsort der Jeans die USA sind?<\/p>\n\n\n\n<p><strong><span class=\"has-inline-color has-vivid-red-color\">LEVI STRAUSS \u2013 GR\u00dcNDER VON LEVI\u2019S COMPANY<\/span><\/strong><\/p>\n\n\n\n<p>L\u00f6b  Strauss wurde am 26. Februar 1829 in einer j\u00fcdischen Familie im bayerischen Buttenheim geboren. 1847 wanderte L\u00f6b mit seiner Mutter und seinen beiden Schwestern in die USA aus.<\/p>\n\n\n\n<p>In den USA \u00e4nderte L\u00f6b seinen Namen in das \u201eamerikanischere\u201c Levi und ersetzte das deutsche <strong>\u00df<\/strong>  in seinem Nachnamen durch ein doppeltes <strong>s<\/strong>. Seine beiden \u00e4lteren Br\u00fcder (Jonas und Louis) zogen nach Sie kam einige Jahre zuvor in die USA und handelte bereits in New York mit Stoffen.<\/p>\n\n\n\n<p>Levi Strauss begann ein Handelsstudium und arbeitete zun\u00e4chst in Kentucky als Handelsreisender, wo er Trockenwaren und Werkzeuge verkaufte.<\/p>\n\n\n\n<p>Im Jahr 1849 wurden in Kalifornien Goldvorkommen entdeckt. Der \u201eGoldrausch\u201c begann. Tausende Menschen str\u00f6mten an die Westk\u00fcste der Vereinigten Staaten.<\/p>\n\n\n\n<p>1853 brachte Strauss die Waren seiner Br\u00fcder nach San Francisco. Alle Waren waren bereits vor der Einfahrt in den Hafen vom Schiff ausverkauft. Alles, was \u00fcbrig blieb, war die Hanfleinwand. Strauss bestellte bei einem Schneider Hosen aus diesem Stoff. Die Hose war sofort ausverkauft. Im Jahr 1853 gr\u00fcndete Strauss die Firma Levi Strauss &#038; Co. Anstelle von Hanf-Canvas wurden Hosen aus einem weicheren franz\u00f6sischen Stoff namens \u201eDenim\u201c hergestellt (das hei\u00dft \u201eaus der Stadt N\u00eemes\u201c, N\u00eemes ist eine Stadt in S\u00fcdfrankreich, in der dieser Stoff urspr\u00fcnglich hergestellt wurde).<\/p>\n\n\n\n<p>Am 20. Mai 1873 erhielten Levi Strauss und Jacob Davis, ein Auswanderer aus dem Russischen Reich, ein Patent f\u00fcr Hosen mit Metallnieten an den Taschen; zum F\u00e4rben der Produkte wurde Indigofarbstoff verwendet. Denim wird durch das Weben von gef\u00e4rbten und ungef\u00e4rbten F\u00e4den hergestellt. Zuerst werden die F\u00e4den gef\u00e4rbt und dann wird der Stoff hergestellt. Der zur Herstellung von Denim verwendete Farbstoff ist Indigo, eine Mischung aus Lila und Dunkelblau. Diese Farbe f\u00fcr Jeans wurde nicht zuf\u00e4llig gew\u00e4hlt: fleckenfrei, weich, aber gleichzeitig satt \u2013 ideal f\u00fcr den Alltag.<\/p>\n\n\n\n<p>Im ersten Jahr verkaufte Strauss 21.000 Paar kupferbesetzte Hosen und Jacken. Die Nieten an den Ges\u00e4\u00dftaschen mussten sp\u00e4ter durch verst\u00e4rkte N\u00e4hte ersetzt werden \u2013 sie zerkratzten den Sattel und besch\u00e4digten die M\u00f6bel. Im Jahr 1886 erschien das ber\u00fchmte Lederetikett mit zwei Pferden, die erfolglos versuchten, die Hose zu zerrei\u00dfen.<\/p>\n\n\n\n<div class=\"wp-block-media-text alignwide is-stacked-on-mobile\"><figure class=\"wp-block-media-text__media\"><img loading=\"lazy\" width=\"600\" height=\"384\" src=\"https:\/\/yar.deutschetage.ru\/wp-content\/uploads\/2023\/10\/levi_label.jpg\" alt=\"\" class=\"wp-image-3538\" srcset=\"https:\/\/yar.deutschetage.ru\/wp-content\/uploads\/2023\/10\/levi_label.jpg 600w, https:\/\/yar.deutschetage.ru\/wp-content\/uploads\/2023\/10\/levi_label-300x192.jpg 300w\" sizes=\"(max-width: 600px) 100vw, 600px\" \/><\/figure><div class=\"wp-block-media-text__content\">\n<p>Das Souveniretikett des Unternehmens f\u00fcr Besucher der Fabrik in San Francisco<\/p>\n<\/div><\/div>\n\n\n\n<p>Levi Strauss starb am 26. September 1902. Levi Strauss &#038; Co. wurde von Neffen geerbt und befindet sich noch immer im Familienbesitz.<\/p>\n\n\n\n<p><strong><span class=\"has-inline-color has-vivid-red-color\">MODERNE JEANS<\/span><\/strong><\/p>\n\n\n\n<p>Levi Strauss &#038; Co. entwickelte sich zu einem gro\u00dfen Unternehmen mit gutem Ruf und blieb bis fast zum Ende des 20. Jahrhunderts das erfolgreichste. In den 1990er Jahren verlor das Unternehmen mehr als die H\u00e4lfte seines Denim-Marktanteils. Levi Strauss &#038; Co. produziert weiterhin klassische R\u00f6hrenjeans, w\u00e4hrend sich bei jungen Leuten die Mode f\u00fcr den Schnitt von Jeanshosen st\u00e4ndig \u00e4ndert.<\/p>\n\n\n\n<p>Das klassische und immer noch beliebteste Modell der Marke ist das Modell 501. In den 20er Jahren des 20. Jahrhunderts begann man mit der Produktion modern aussehender Jeans. Die ersten 501-Jeans hatten keine G\u00fcrtelschlaufen und waren zum Tragen mit Hosentr\u00e4gern gedacht. Die Modellnummer war die Chargennummer des f\u00fcr sie verwendeten Stoffes.<\/p>\n\n\n\n<p>Heutzutage gibt es eine gro\u00dfe Anzahl von Unternehmen, die modische Denim-Kleidung herstellen, und jedes Jahr kommen neue hinzu. Und das ist nicht verwunderlich, denn Jeans sind nach wie vor die praktischste, bequemste und unglaublich stylischste Kleidung f\u00fcr alle Gelegenheiten, die ich und alle meine Freunde gerne tragen.<\/p>\n\n\n\n<figure class=\"wp-block-image size-large\"><img loading=\"lazy\" width=\"710\" height=\"586\" src=\"https:\/\/yar.deutschetage.ru\/wp-content\/uploads\/2023\/10\/kopiya-snimok-ekrana-2023-10-21-v-12.04.47.png\" alt=\"\" class=\"wp-image-3539\" srcset=\"https:\/\/yar.deutschetage.ru\/wp-content\/uploads\/2023\/10\/kopiya-snimok-ekrana-2023-10-21-v-12.04.47.png 710w, https:\/\/yar.deutschetage.ru\/wp-content\/uploads\/2023\/10\/kopiya-snimok-ekrana-2023-10-21-v-12.04.47-300x248.png 300w\" sizes=\"(max-width: 710px) 100vw, 710px\" \/><\/figure>\n","protected":false},"excerpt":{"rendered":"<p>HOSE MIT METALLNIETEN Wer von euch hat keine Jeanskleidung in seinem Kleiderschrank? Wussten Sie, dass der Autor dieser Kleidung deutscher Herkunft ist, obwohl der Geburtsort der Jeans die USA sind? LEVI STRAUSS \u2013 GR\u00dcNDER VON LEVI\u2019S COMPANY L\u00f6b Strauss wurde am 26. Februar 1829 in einer j\u00fcdischen Familie im bayerischen Buttenheim geboren. 1847 wanderte L\u00f6b [&hellip;]<\/p>\n","protected":false},"author":2,"featured_media":3542,"comment_status":"closed","ping_status":"open","sticky":false,"template":"","format":"standard","meta":[],"categories":[24],"tags":[],"yoast_head":"<!-- This site is optimized with the Yoast SEO plugin v14.9 - https:\/\/yoast.com\/wordpress\/plugins\/seo\/ -->\n<title>Anna Kostrowa, Moskau - Deutsche Tage in der Region Jaroslawl<\/title>\n<meta name=\"robots\" content=\"index, follow, max-snippet:-1, max-image-preview:large, max-video-preview:-1\" \/>\n<link rel=\"canonical\" href=\"https:\/\/yar.deutschetage.ru\/anna-kostrova-moskva\/\" \/>\n<meta property=\"og:locale\" content=\"de_DE\" \/>\n<meta property=\"og:type\" content=\"article\" \/>\n<meta property=\"og:title\" content=\"Anna Kostrowa, Moskau - Deutsche Tage in der Region Jaroslawl\" \/>\n<meta property=\"og:url\" content=\"https:\/\/yar.deutschetage.ru\/anna-kostrova-moskva\/\" \/>\n<meta property=\"og:site_name\" content=\"Deutsche Tage in der Region Jaroslawl\" \/>\n<meta property=\"article:publisher\" content=\"https:\/\/www.facebook.com\/groups\/druzjagermanii\" \/>\n<meta property=\"article:published_time\" content=\"2023-10-21T09:39:06+00:00\" \/>\n<meta property=\"article:modified_time\" content=\"2023-11-13T10:26:55+00:00\" \/>\n<meta property=\"og:image\" content=\"https:\/\/yar.deutschetage.ru\/wp-content\/uploads\/2023\/10\/kopiya-snimok-ekrana-2023-10-21-v-12.04.10-2-e1697881293857.png\" \/>\n\t<meta property=\"og:image:width\" content=\"710\" \/>\n\t<meta property=\"og:image:height\" content=\"484\" \/>\n<meta name=\"twitter:card\" content=\"summary_large_image\" \/>\n<script type=\"application\/ld+json\" class=\"yoast-schema-graph\">{\"@context\":\"https:\/\/schema.org\",\"@graph\":[{\"@type\":\"WebSite\",\"@id\":\"https:\/\/yar.deutschetage.ru\/de\/#website\",\"url\":\"https:\/\/yar.deutschetage.ru\/de\/\",\"name\":\"Deutsche Tage in der Region Jaroslawl\",\"description\":\"Wissenschaftliche Fantastik oder fantastische Wissenschaft\",\"potentialAction\":[{\"@type\":\"SearchAction\",\"target\":\"https:\/\/yar.deutschetage.ru\/de\/?s={search_term_string}\",\"query-input\":\"required name=search_term_string\"}],\"inLanguage\":\"de-DE\"},{\"@type\":\"ImageObject\",\"@id\":\"https:\/\/yar.deutschetage.ru\/anna-kostrova-moskva\/#primaryimage\",\"inLanguage\":\"de-DE\",\"url\":\"https:\/\/yar.deutschetage.ru\/wp-content\/uploads\/2023\/10\/kopiya-snimok-ekrana-2023-10-21-v-12.04.10-2-e1697881293857.png\",\"width\":710,\"height\":484},{\"@type\":\"WebPage\",\"@id\":\"https:\/\/yar.deutschetage.ru\/anna-kostrova-moskva\/#webpage\",\"url\":\"https:\/\/yar.deutschetage.ru\/anna-kostrova-moskva\/\",\"name\":\"Anna Kostrowa, Moskau - Deutsche Tage in der Region Jaroslawl\",\"isPartOf\":{\"@id\":\"https:\/\/yar.deutschetage.ru\/de\/#website\"},\"primaryImageOfPage\":{\"@id\":\"https:\/\/yar.deutschetage.ru\/anna-kostrova-moskva\/#primaryimage\"},\"datePublished\":\"2023-10-21T09:39:06+00:00\",\"dateModified\":\"2023-11-13T10:26:55+00:00\",\"author\":{\"@id\":\"https:\/\/yar.deutschetage.ru\/de\/#\/schema\/person\/4f39fe90cebbcc93ada07890317ab455\"},\"breadcrumb\":{\"@id\":\"https:\/\/yar.deutschetage.ru\/anna-kostrova-moskva\/#breadcrumb\"},\"inLanguage\":\"de-DE\",\"potentialAction\":[{\"@type\":\"ReadAction\",\"target\":[\"https:\/\/yar.deutschetage.ru\/anna-kostrova-moskva\/\"]}]},{\"@type\":\"BreadcrumbList\",\"@id\":\"https:\/\/yar.deutschetage.ru\/anna-kostrova-moskva\/#breadcrumb\",\"itemListElement\":[{\"@type\":\"ListItem\",\"position\":1,\"item\":{\"@type\":\"WebPage\",\"@id\":\"https:\/\/yar.deutschetage.ru\/\",\"url\":\"https:\/\/yar.deutschetage.ru\/\",\"name\":\"\\u0413\\u043b\\u0430\\u0432\\u043d\\u0430\\u044f\"}},{\"@type\":\"ListItem\",\"position\":2,\"item\":{\"@type\":\"WebPage\",\"@id\":\"https:\/\/yar.deutschetage.ru\/anna-kostrova-moskva\/\",\"url\":\"https:\/\/yar.deutschetage.ru\/anna-kostrova-moskva\/\",\"name\":\"\\u0410\\u043d\\u043d\\u0430 \\u041a\\u043e\\u0441\\u0442\\u0440\\u043e\\u0432\\u0430, \\u041c\\u043e\\u0441\\u043a\\u0432\\u0430\"}}]},{\"@type\":\"Person\",\"@id\":\"https:\/\/yar.deutschetage.ru\/de\/#\/schema\/person\/4f39fe90cebbcc93ada07890317ab455\",\"name\":\"\\u0412\\u0430\\u043b\\u0435\\u043d\\u0442\\u0438\\u043d\\u0430\",\"image\":{\"@type\":\"ImageObject\",\"@id\":\"https:\/\/yar.deutschetage.ru\/de\/#personlogo\",\"inLanguage\":\"de-DE\",\"url\":\"https:\/\/secure.gravatar.com\/avatar\/1fe39c6a447b1a4ad661671d48304a9e?s=96&d=mm&r=g\",\"caption\":\"\\u0412\\u0430\\u043b\\u0435\\u043d\\u0442\\u0438\\u043d\\u0430\"}}]}<\/script>\n<!-- \/ Yoast SEO plugin. -->","_links":{"self":[{"href":"https:\/\/yar.deutschetage.ru\/de\/wp-json\/wp\/v2\/posts\/3536"}],"collection":[{"href":"https:\/\/yar.deutschetage.ru\/de\/wp-json\/wp\/v2\/posts"}],"about":[{"href":"https:\/\/yar.deutschetage.ru\/de\/wp-json\/wp\/v2\/types\/post"}],"author":[{"embeddable":true,"href":"https:\/\/yar.deutschetage.ru\/de\/wp-json\/wp\/v2\/users\/2"}],"replies":[{"embeddable":true,"href":"https:\/\/yar.deutschetage.ru\/de\/wp-json\/wp\/v2\/comments?post=3536"}],"version-history":[{"count":6,"href":"https:\/\/yar.deutschetage.ru\/de\/wp-json\/wp\/v2\/posts\/3536\/revisions"}],"predecessor-version":[{"id":3560,"href":"https:\/\/yar.deutschetage.ru\/de\/wp-json\/wp\/v2\/posts\/3536\/revisions\/3560"}],"wp:featuredmedia":[{"embeddable":true,"href":"https:\/\/yar.deutschetage.ru\/de\/wp-json\/wp\/v2\/media\/3542"}],"wp:attachment":[{"href":"https:\/\/yar.deutschetage.ru\/de\/wp-json\/wp\/v2\/media?parent=3536"}],"wp:term":[{"taxonomy":"category","embeddable":true,"href":"https:\/\/yar.deutschetage.ru\/de\/wp-json\/wp\/v2\/categories?post=3536"},{"taxonomy":"post_tag","embeddable":true,"href":"https:\/\/yar.deutschetage.ru\/de\/wp-json\/wp\/v2\/tags?post=3536"}],"curies":[{"name":"wp","href":"https:\/\/api.w.org\/{rel}","templated":true}]}}