{"id":3548,"date":"2023-10-23T07:57:07","date_gmt":"2023-10-23T07:57:07","guid":{"rendered":"https:\/\/yar.deutschetage.ru\/?p=3548"},"modified":"2023-10-23T08:18:07","modified_gmt":"2023-10-23T08:18:07","slug":"k-150-letiyu-sergeya-rahmaninova","status":"publish","type":"post","link":"https:\/\/yar.deutschetage.ru\/de\/k-150-letiyu-sergeya-rahmaninova\/","title":{"rendered":"Zum 150.Geburtstag von S. Rachmaninow"},"content":{"rendered":"\n<p>Am 21. Oktober fand im Gallus Theater in Frankfurt am Main ein Konzertprogramm statt, das dem Werk des russischen Komponisten Sergej Rachmaninow gewidmet war.<\/p>\n\n\n\n<p>Die multimediale Soir\u00e9e&nbsp;<strong>\u201eRomantiker, Komponist&#8230; Exilant\u201c&nbsp;<\/strong>ist&nbsp;<strong>Sergej Rachmaninow<\/strong> anl\u00e4sslich seines&nbsp;150. Geburtstags gewidmet.&nbsp;<\/p>\n\n\n\n<p>Der russische Komponist gilt musikgeschichtlich als der letzte Romantiker. In Sankt Petersburg aufgewachsen,\u00a0 brilliert er zun\u00e4chst als Virtuose auf dem Klavier. Mit Ausbruch der Revolution in Russland 1917 flieht er nach Schweden. Es folgen D\u00e4nemark und schlie\u00dflich die USA, wo er als Komponist mit seiner facettenreichen,\u00a0 emotionalen Musik und als Dirigent gigantische Erfolge feiert.<br>Auf die Frage &#8222;Was ist Musik?\u201c antwortete er: <\/p>\n\n\n\n<p><strong><em>\u201eEine ruhige Mondnacht; Das Rauschen der Bl\u00e4tter;&nbsp; Entferntes Abendl\u00e4uten; Das, was von Herz zu Herz geht; Die Liebe; Die Schwester der Musik ist die Poesie&nbsp; \u2013 ihre Mutter: die Schwermut\u201c.&nbsp;<\/em><\/strong><\/p>\n\n\n\n<p><br>Dank der Zusammenarbeit mit dem&nbsp;Freundeskreis Frankfurt \/ Krakau e.V.&nbsp;und der Unterst\u00fctzung des&nbsp;Referats &nbsp; f\u00fcr Internationale Beziehungen der Stadt Frankfurt konnten wir die&nbsp;Pianistin Agnieszka Zahaczewska-Ksi\u0105\u017cek&nbsp;und den Pianisten Krzysztof Ksi\u0105\u017cek&nbsp;aus der polnischen Partnerstadt Krakau einladen, den musikalischen Teil&nbsp; zu bestreiten. Die Lebensgeschichte wurde gelesen von Armin Hauser.&nbsp; Bilder zu Leben und Zeit untermalten die Veranstaltung.&nbsp;<\/p>\n\n\n\n<p>Derzeit liegt uns kein Auszug aus dem letzten Konzert des Ensembles \u201eDie Blaue Blume\u201c vor, wir freuen uns jedoch, einen Auszug aus dem Konzert dieses Ensembles zu ver\u00f6ffentlichen, das vor 4 Jahren im Ikonenmuseum der Stadt stattfand Frankfurt am Main.<\/p>\n\n\n\n<p>Es l\u00e4uft eine Romanze von Sergej Rachmaninow.<\/p>\n\n\n\n<p>Interpreten: Saskia Schneider \u2013 Fl\u00f6te, Suzanne Petek \u2013 Klavier. Veranstaltung des Ensembles \u201eDie Blaue Blume\u201c am 4. November 2018 im Museum f\u00fcr Russische Ikonen in Frankfurt am Main.<\/p>\n\n\n\n<figure class=\"wp-block-embed-youtube wp-block-embed is-type-video is-provider-youtube wp-embed-aspect-16-9 wp-has-aspect-ratio\"><div class=\"wp-block-embed__wrapper\">\n<iframe title=\"Sergej Rachmaninoff, Romanze a moll\" width=\"800\" height=\"450\" src=\"https:\/\/www.youtube.com\/embed\/ULjlon-t9sM?feature=oembed\" frameborder=\"0\" allow=\"accelerometer; autoplay; clipboard-write; encrypted-media; gyroscope; picture-in-picture; web-share\" allowfullscreen><\/iframe>\n<\/div><\/figure>\n","protected":false},"excerpt":{"rendered":"<p>Am 21. Oktober fand im Gallus Theater in Frankfurt am Main ein Konzertprogramm statt, das dem Werk des russischen Komponisten Sergej Rachmaninow gewidmet war. Die multimediale Soir\u00e9e&nbsp;\u201eRomantiker, Komponist&#8230; Exilant\u201c&nbsp;ist&nbsp;Sergej Rachmaninow anl\u00e4sslich seines&nbsp;150. Geburtstags gewidmet.&nbsp; Der russische Komponist gilt musikgeschichtlich als der letzte Romantiker. In Sankt Petersburg aufgewachsen,\u00a0 brilliert er zun\u00e4chst als Virtuose auf dem Klavier. [&hellip;]<\/p>\n","protected":false},"author":2,"featured_media":2805,"comment_status":"closed","ping_status":"open","sticky":false,"template":"","format":"standard","meta":[],"categories":[23],"tags":[],"yoast_head":"<!-- This site is optimized with the Yoast SEO plugin v14.9 - https:\/\/yoast.com\/wordpress\/plugins\/seo\/ -->\n<title>Zum 150.Geburtstag von S. Rachmaninow - Deutsche Tage in der Region Jaroslawl<\/title>\n<meta name=\"robots\" content=\"index, follow, max-snippet:-1, max-image-preview:large, max-video-preview:-1\" \/>\n<link rel=\"canonical\" href=\"https:\/\/yar.deutschetage.ru\/k-150-letiyu-sergeya-rahmaninova\/\" \/>\n<meta property=\"og:locale\" content=\"de_DE\" \/>\n<meta property=\"og:type\" content=\"article\" \/>\n<meta property=\"og:title\" content=\"Zum 150.Geburtstag von S. Rachmaninow - Deutsche Tage in der Region Jaroslawl\" \/>\n<meta property=\"og:url\" content=\"https:\/\/yar.deutschetage.ru\/k-150-letiyu-sergeya-rahmaninova\/\" \/>\n<meta property=\"og:site_name\" content=\"Deutsche Tage in der Region Jaroslawl\" \/>\n<meta property=\"article:publisher\" content=\"https:\/\/www.facebook.com\/groups\/druzjagermanii\" \/>\n<meta property=\"article:published_time\" content=\"2023-10-23T07:57:07+00:00\" \/>\n<meta property=\"article:modified_time\" content=\"2023-10-23T08:18:07+00:00\" \/>\n<meta property=\"og:image\" content=\"https:\/\/yar.deutschetage.ru\/wp-content\/uploads\/2022\/11\/snimok-ekrana-2022-11-04-v-16.11.11.png\" \/>\n\t<meta property=\"og:image:width\" content=\"1624\" \/>\n\t<meta property=\"og:image:height\" content=\"980\" \/>\n<meta name=\"twitter:card\" content=\"summary_large_image\" \/>\n<script type=\"application\/ld+json\" class=\"yoast-schema-graph\">{\"@context\":\"https:\/\/schema.org\",\"@graph\":[{\"@type\":\"WebSite\",\"@id\":\"https:\/\/yar.deutschetage.ru\/de\/#website\",\"url\":\"https:\/\/yar.deutschetage.ru\/de\/\",\"name\":\"Deutsche Tage in der Region Jaroslawl\",\"description\":\"Wissenschaftliche Fantastik oder fantastische Wissenschaft\",\"potentialAction\":[{\"@type\":\"SearchAction\",\"target\":\"https:\/\/yar.deutschetage.ru\/de\/?s={search_term_string}\",\"query-input\":\"required name=search_term_string\"}],\"inLanguage\":\"de-DE\"},{\"@type\":\"ImageObject\",\"@id\":\"https:\/\/yar.deutschetage.ru\/k-150-letiyu-sergeya-rahmaninova\/#primaryimage\",\"inLanguage\":\"de-DE\",\"url\":\"https:\/\/yar.deutschetage.ru\/wp-content\/uploads\/2022\/11\/snimok-ekrana-2022-11-04-v-16.11.11.png\",\"width\":1624,\"height\":980},{\"@type\":\"WebPage\",\"@id\":\"https:\/\/yar.deutschetage.ru\/k-150-letiyu-sergeya-rahmaninova\/#webpage\",\"url\":\"https:\/\/yar.deutschetage.ru\/k-150-letiyu-sergeya-rahmaninova\/\",\"name\":\"Zum 150.Geburtstag von S. Rachmaninow - Deutsche Tage in der Region Jaroslawl\",\"isPartOf\":{\"@id\":\"https:\/\/yar.deutschetage.ru\/de\/#website\"},\"primaryImageOfPage\":{\"@id\":\"https:\/\/yar.deutschetage.ru\/k-150-letiyu-sergeya-rahmaninova\/#primaryimage\"},\"datePublished\":\"2023-10-23T07:57:07+00:00\",\"dateModified\":\"2023-10-23T08:18:07+00:00\",\"author\":{\"@id\":\"https:\/\/yar.deutschetage.ru\/de\/#\/schema\/person\/4f39fe90cebbcc93ada07890317ab455\"},\"breadcrumb\":{\"@id\":\"https:\/\/yar.deutschetage.ru\/k-150-letiyu-sergeya-rahmaninova\/#breadcrumb\"},\"inLanguage\":\"de-DE\",\"potentialAction\":[{\"@type\":\"ReadAction\",\"target\":[\"https:\/\/yar.deutschetage.ru\/k-150-letiyu-sergeya-rahmaninova\/\"]}]},{\"@type\":\"BreadcrumbList\",\"@id\":\"https:\/\/yar.deutschetage.ru\/k-150-letiyu-sergeya-rahmaninova\/#breadcrumb\",\"itemListElement\":[{\"@type\":\"ListItem\",\"position\":1,\"item\":{\"@type\":\"WebPage\",\"@id\":\"https:\/\/yar.deutschetage.ru\/\",\"url\":\"https:\/\/yar.deutschetage.ru\/\",\"name\":\"\\u0413\\u043b\\u0430\\u0432\\u043d\\u0430\\u044f\"}},{\"@type\":\"ListItem\",\"position\":2,\"item\":{\"@type\":\"WebPage\",\"@id\":\"https:\/\/yar.deutschetage.ru\/k-150-letiyu-sergeya-rahmaninova\/\",\"url\":\"https:\/\/yar.deutschetage.ru\/k-150-letiyu-sergeya-rahmaninova\/\",\"name\":\"\\u041a 150-\\u043b\\u0435\\u0442\\u0438\\u044e \\u0421\\u0435\\u0440\\u0433\\u0435\\u044f \\u0420\\u0430\\u0445\\u043c\\u0430\\u043d\\u0438\\u043d\\u043e\\u0432\\u0430\"}}]},{\"@type\":\"Person\",\"@id\":\"https:\/\/yar.deutschetage.ru\/de\/#\/schema\/person\/4f39fe90cebbcc93ada07890317ab455\",\"name\":\"\\u0412\\u0430\\u043b\\u0435\\u043d\\u0442\\u0438\\u043d\\u0430\",\"image\":{\"@type\":\"ImageObject\",\"@id\":\"https:\/\/yar.deutschetage.ru\/de\/#personlogo\",\"inLanguage\":\"de-DE\",\"url\":\"https:\/\/secure.gravatar.com\/avatar\/1fe39c6a447b1a4ad661671d48304a9e?s=96&d=mm&r=g\",\"caption\":\"\\u0412\\u0430\\u043b\\u0435\\u043d\\u0442\\u0438\\u043d\\u0430\"}}]}<\/script>\n<!-- \/ Yoast SEO plugin. -->","_links":{"self":[{"href":"https:\/\/yar.deutschetage.ru\/de\/wp-json\/wp\/v2\/posts\/3548"}],"collection":[{"href":"https:\/\/yar.deutschetage.ru\/de\/wp-json\/wp\/v2\/posts"}],"about":[{"href":"https:\/\/yar.deutschetage.ru\/de\/wp-json\/wp\/v2\/types\/post"}],"author":[{"embeddable":true,"href":"https:\/\/yar.deutschetage.ru\/de\/wp-json\/wp\/v2\/users\/2"}],"replies":[{"embeddable":true,"href":"https:\/\/yar.deutschetage.ru\/de\/wp-json\/wp\/v2\/comments?post=3548"}],"version-history":[{"count":4,"href":"https:\/\/yar.deutschetage.ru\/de\/wp-json\/wp\/v2\/posts\/3548\/revisions"}],"predecessor-version":[{"id":3553,"href":"https:\/\/yar.deutschetage.ru\/de\/wp-json\/wp\/v2\/posts\/3548\/revisions\/3553"}],"wp:featuredmedia":[{"embeddable":true,"href":"https:\/\/yar.deutschetage.ru\/de\/wp-json\/wp\/v2\/media\/2805"}],"wp:attachment":[{"href":"https:\/\/yar.deutschetage.ru\/de\/wp-json\/wp\/v2\/media?parent=3548"}],"wp:term":[{"taxonomy":"category","embeddable":true,"href":"https:\/\/yar.deutschetage.ru\/de\/wp-json\/wp\/v2\/categories?post=3548"},{"taxonomy":"post_tag","embeddable":true,"href":"https:\/\/yar.deutschetage.ru\/de\/wp-json\/wp\/v2\/tags?post=3548"}],"curies":[{"name":"wp","href":"https:\/\/api.w.org\/{rel}","templated":true}]}}