{"id":3572,"date":"2023-10-25T06:39:35","date_gmt":"2023-10-25T06:39:35","guid":{"rendered":"https:\/\/yar.deutschetage.ru\/?p=3572"},"modified":"2023-11-13T10:26:24","modified_gmt":"2023-11-13T10:26:24","slug":"darja-semykina-gymnasium-n1","status":"publish","type":"post","link":"https:\/\/yar.deutschetage.ru\/de\/darja-semykina-gymnasium-n1\/","title":{"rendered":"Darja Semykina, Gymnasium N1"},"content":{"rendered":"\n<figure class=\"wp-block-image size-large\"><img loading=\"lazy\" width=\"1024\" height=\"294\" src=\"https:\/\/yar.deutschetage.ru\/wp-content\/uploads\/2023\/10\/snimok-ekrana-2023-10-25-v-09.34.20-1024x294.png\" alt=\"\" class=\"wp-image-3573\" srcset=\"https:\/\/yar.deutschetage.ru\/wp-content\/uploads\/2023\/10\/snimok-ekrana-2023-10-25-v-09.34.20-1024x294.png 1024w, https:\/\/yar.deutschetage.ru\/wp-content\/uploads\/2023\/10\/snimok-ekrana-2023-10-25-v-09.34.20-300x86.png 300w, https:\/\/yar.deutschetage.ru\/wp-content\/uploads\/2023\/10\/snimok-ekrana-2023-10-25-v-09.34.20-768x220.png 768w, https:\/\/yar.deutschetage.ru\/wp-content\/uploads\/2023\/10\/snimok-ekrana-2023-10-25-v-09.34.20.png 1228w\" sizes=\"(max-width: 1024px) 100vw, 1024px\" \/><\/figure>\n\n\n\n<p><strong><span class=\"has-inline-color has-vivid-red-color\">ELEKTRISCHE STRASSENBAHN VON WERNER VON SIEMENS<\/span><\/strong> <\/p>\n\n\n\n<p>Die Stra\u00dfenbahn ist heutzutage ein weltweit verbreitetes Transportmittel. Doch vor 140 Jahren konnten sich die Menschen ihre Existenz nicht vorstellen. Diese Erfindung verdanken wir Ernst Werner von Siemens.<\/p>\n\n\n\n<p>Von Siemens stellte seine Erfindung erstmals 1879 auf einer Ausstellung in Berlin vor. An die Lokomotive waren vier Waggons angebaut, die jeweils \u00fcber sechs Sitzpl\u00e4tze verf\u00fcgten. Die erste Stra\u00dfenbahn erreichte eine Geschwindigkeit von nur 6,5 km\/h.<\/p>\n\n\n\n<p>Wenige Jahre sp\u00e4ter, am 16. Mai 1881, nahm Siemens &#038; Halske (der fr\u00fchere Name des heutigen Siemens-Konzerns) vor den Toren Berlins die erste 2,5 km lange elektrische Stra\u00dfenbahnlinie in Betrieb. Der Zug erreichte bereits Geschwindigkeiten von bis zu 30 Stundenkilometern. In den ersten drei Monaten bef\u00f6rderte diese Stra\u00dfenbahn mehr als 12.000 Fahrg\u00e4ste.<\/p>\n\n\n\n<p>Die erste Stra\u00dfenbahn, gebaut von Siemens &#038; Halske, markierte den Beginn der \u201eStra\u00dfenbahn-\u00c4ra\u201c. Der gro\u00dfe Deutsche blieb nicht stehen. Er plante den Bau unterirdischer (U-Bahn) und oberirdischer (Oberleitungsbusse) elektrischer Leitungen. In den Folgejahren elektrifizierten Siemens-Partner alle Pferdebahnstrecken in Europa und schufen zahlreiche neue Stra\u00dfenbahnstrecken. Das \u201egoldene Zeitalter\u201c der Stra\u00dfenbahn begann.<\/p>\n\n\n\n<p>Siemens hat viel f\u00fcr die Entwicklung der deutschen und europ\u00e4ischen Elektrotechnik getan. Er ist der Initiator der Gr\u00fcndung des Berliner Elektrotechnischen Vereins (1879) und auch der Begriff Elektrotechnik wurde 1879 von Werner von Siemens in den Gebrauch eingef\u00fchrt.<\/p>\n\n\n\n<p>Im Jahr 1867 entwickelte Siemens den perfekten Entwurf f\u00fcr einen selbsterregten Gleichstromgenerator, der lange Zeit als Dynamo bezeichnet wurde. Der Siemens-Dynamo machte eine echte Revolution im Bergbau; dank ihm entstanden ein elektrischer Presslufthammer, ein elektrischer Minenventilator, ein elektrisches F\u00f6rderband und vor allem eine elektrische Minenstra\u00dfe.<\/p>\n\n\n\n<p><strong>Interessante Fakten:<\/strong><\/p>\n\n\n\n<p>\u2014 Seit 1881 10 Jahre lang. Der Stra\u00dfenbahnverkehr wurde in 14 europ\u00e4ischen L\u00e4ndern und 274 St\u00e4dten er\u00f6ffnet.<\/p>\n\n\n\n<p>-Werners Bruder Wilhelm machte eine weitere ber\u00fchmte Erfindung \u2013 er schuf 1882 den Trolleybus.<\/p>\n\n\n\n<p>\u2014 Bis 1936 konnte man mit der regul\u00e4ren Stadtbahn von Bratislava nach Wien fahren.<\/p>\n\n\n\n<p>-^Frankfurt am Main verf\u00fcgt seit 1960 \u00fcber eine Kinderstra\u00dfenbahn.<\/p>\n\n\n\n<p>\u2014 Die l\u00e4ngste Stra\u00dfenbahnfahrt kann in Deutschland gemacht werden. Die L\u00e4nge der Fahrt betr\u00e4gt 105,5 km, die Bew\u00e4ltigung dieser Strecke dauert f\u00fcnfeinhalb Stunden und erfordert acht Umsteigevorg\u00e4nge.<\/p>\n\n\n\n<p>\u2014 Die l\u00e4ngste elektrische Stra\u00dfenbahn der Welt ist Siemens Combino Supra. Dabei handelt es sich um eine 54 Meter lange Maschine, die durch Budapest in Ungarn f\u00e4hrt.<\/p>\n\n\n\n<p>\u2014 Weltweit gibt es nur zwei G\u00fcterstra\u00dfenbahnen \u2013 in Z\u00fcrich und in Dresden. Letzterer verbindet den Vorort mit dem Volkswagen-Werk im Stadtzentrum<\/p>\n\n\n\n<p>\u2014 Der Name Siemens ist zu einem festen Bestandteil der Elektrizit\u00e4tslehre geworden (heute bezeichnet \u201eSiemens\u201c die Ma\u00dfeinheit der elektrischen Leitf\u00e4higkeit).<\/p>\n\n\n\n<figure class=\"wp-block-image size-large\"><img loading=\"lazy\" width=\"838\" height=\"556\" src=\"https:\/\/yar.deutschetage.ru\/wp-content\/uploads\/2023\/10\/snimok-ekrana-2023-10-25-v-09.42.22.png\" alt=\"\" class=\"wp-image-3577\" srcset=\"https:\/\/yar.deutschetage.ru\/wp-content\/uploads\/2023\/10\/snimok-ekrana-2023-10-25-v-09.42.22.png 838w, https:\/\/yar.deutschetage.ru\/wp-content\/uploads\/2023\/10\/snimok-ekrana-2023-10-25-v-09.42.22-300x199.png 300w, https:\/\/yar.deutschetage.ru\/wp-content\/uploads\/2023\/10\/snimok-ekrana-2023-10-25-v-09.42.22-768x510.png 768w\" sizes=\"(max-width: 838px) 100vw, 838px\" \/><figcaption>Am 11. Juni 2023 fand in Jaroslawl eine Pr\u00e4sentation des Yatram statt. Die erste Kutsche des Modells \u201eL\u00f6wenjunges\u201c traf in der Stadt ein. Der neue Wagen wird bald online sein<\/figcaption><\/figure>\n\n\n\n<p><\/p>\n\n\n\n<p>Seit den 1990er Jahren sind viele St\u00e4dte auf der ganzen Welt zu Stra\u00dfenbahnsystemen zur\u00fcckgekehrt. Elektrische Stra\u00dfenbahnen sind effizienter, g\u00fcnstiger im Betrieb und umweltfreundlicher als Busse. Derzeit sind Stra\u00dfenbahnen ein Schmuckst\u00fcck vieler europ\u00e4ischer St\u00e4dte. Vielerorts gelten sie selbst als historische Wahrzeichen und sogar als Touristenattraktionen. Derzeit gilt die elektrische Stra\u00dfenbahn als das schnellste und wirtschaftlichste Verkehrsmittel im Stadtverkehr. Besonders gut ist es dort, wo Busse und Trolleybusse den Fahrgaststrom w\u00e4hrend der Hauptverkehrszeit nicht bew\u00e4ltigen k\u00f6nnen. Die Kapazit\u00e4t der Stra\u00dfenbahnlinien \u00fcbersteigt die aller anderen Arten des Bodentransports.<\/p>\n\n\n\n<p>Ich denke, diese Stra\u00dfenbahn ist eine sehr praktische Erfindung mit einer reichen Geschichte. Es scheint mir, dass es die Zukunft ist, da es keine Gase ausst\u00f6\u00dft und mit Strom betrieben wird. \u00dcberraschenderweise ist die Stra\u00dfenbahn eines der umweltfreundlichsten, sichersten, leisesten und kosteng\u00fcnstigsten Verkehrsmittel \u00fcberhaupt. Daraus k\u00f6nnen wir schlie\u00dfen, dass die Stra\u00dfenbahn eine Erfindung ist, die das menschliche Leben \u00fcber viele Jahrhunderte hinweg ver\u00e4ndert hat und auch heute noch genutzt wird.<\/p>\n\n\n\n<figure class=\"wp-block-embed-youtube wp-block-embed is-type-video is-provider-youtube wp-embed-aspect-16-9 wp-has-aspect-ratio\"><div class=\"wp-block-embed__wrapper\">\n<iframe title=\"\u0421\u0435\u043c\u044b\u043a\u0438\u043d\u0430 \u0414\u0430\u0440\u044c\u044f, 8 \u043a\u043b\u0430\u0441\u0441, &quot;\u0413\u0438\u043c\u043d\u0430\u0437\u0438\u044f \u21161&quot;, \u0433\u043e\u0440\u043e\u0434 \u042f\u0440\u043e\u0441\u043b\u0430\u0432\u043b\u044c\" width=\"800\" height=\"450\" src=\"https:\/\/www.youtube.com\/embed\/TOQ3Tk6PZhA?feature=oembed\" frameborder=\"0\" allow=\"accelerometer; autoplay; clipboard-write; encrypted-media; gyroscope; picture-in-picture; web-share\" allowfullscreen><\/iframe>\n<\/div><\/figure>\n","protected":false},"excerpt":{"rendered":"<p>ELEKTRISCHE STRASSENBAHN VON WERNER VON SIEMENS Die Stra\u00dfenbahn ist heutzutage ein weltweit verbreitetes Transportmittel. Doch vor 140 Jahren konnten sich die Menschen ihre Existenz nicht vorstellen. Diese Erfindung verdanken wir Ernst Werner von Siemens. Von Siemens stellte seine Erfindung erstmals 1879 auf einer Ausstellung in Berlin vor. An die Lokomotive waren vier Waggons angebaut, die [&hellip;]<\/p>\n","protected":false},"author":2,"featured_media":3574,"comment_status":"closed","ping_status":"open","sticky":false,"template":"","format":"standard","meta":[],"categories":[24],"tags":[],"yoast_head":"<!-- This site is optimized with the Yoast SEO plugin v14.9 - https:\/\/yoast.com\/wordpress\/plugins\/seo\/ -->\n<title>Darja Semykina, Gymnasium N1 - Deutsche Tage in der Region Jaroslawl<\/title>\n<meta name=\"robots\" content=\"index, follow, max-snippet:-1, max-image-preview:large, max-video-preview:-1\" \/>\n<link rel=\"canonical\" href=\"https:\/\/yar.deutschetage.ru\/darja-semykina-gymnasium-n1\/\" \/>\n<meta property=\"og:locale\" content=\"de_DE\" \/>\n<meta property=\"og:type\" content=\"article\" \/>\n<meta property=\"og:title\" content=\"Darja Semykina, Gymnasium N1 - Deutsche Tage in der Region Jaroslawl\" \/>\n<meta property=\"og:url\" content=\"https:\/\/yar.deutschetage.ru\/darja-semykina-gymnasium-n1\/\" \/>\n<meta property=\"og:site_name\" content=\"Deutsche Tage in der Region Jaroslawl\" \/>\n<meta property=\"article:publisher\" content=\"https:\/\/www.facebook.com\/groups\/druzjagermanii\" \/>\n<meta property=\"article:published_time\" content=\"2023-10-25T06:39:35+00:00\" \/>\n<meta property=\"article:modified_time\" content=\"2023-11-13T10:26:24+00:00\" \/>\n<meta property=\"og:image\" content=\"https:\/\/yar.deutschetage.ru\/wp-content\/uploads\/2023\/10\/snimok-ekrana-2023-10-25-v-09.38.26-e1698216024462.png\" \/>\n\t<meta property=\"og:image:width\" content=\"1232\" \/>\n\t<meta property=\"og:image:height\" content=\"868\" \/>\n<meta name=\"twitter:card\" content=\"summary_large_image\" \/>\n<script type=\"application\/ld+json\" class=\"yoast-schema-graph\">{\"@context\":\"https:\/\/schema.org\",\"@graph\":[{\"@type\":\"WebSite\",\"@id\":\"https:\/\/yar.deutschetage.ru\/de\/#website\",\"url\":\"https:\/\/yar.deutschetage.ru\/de\/\",\"name\":\"Deutsche Tage in der Region Jaroslawl\",\"description\":\"Wissenschaftliche Fantastik oder fantastische Wissenschaft\",\"potentialAction\":[{\"@type\":\"SearchAction\",\"target\":\"https:\/\/yar.deutschetage.ru\/de\/?s={search_term_string}\",\"query-input\":\"required name=search_term_string\"}],\"inLanguage\":\"de-DE\"},{\"@type\":\"ImageObject\",\"@id\":\"https:\/\/yar.deutschetage.ru\/darja-semykina-gymnasium-n1\/#primaryimage\",\"inLanguage\":\"de-DE\",\"url\":\"https:\/\/yar.deutschetage.ru\/wp-content\/uploads\/2023\/10\/snimok-ekrana-2023-10-25-v-09.38.26-e1698216024462.png\",\"width\":1232,\"height\":868},{\"@type\":\"WebPage\",\"@id\":\"https:\/\/yar.deutschetage.ru\/darja-semykina-gymnasium-n1\/#webpage\",\"url\":\"https:\/\/yar.deutschetage.ru\/darja-semykina-gymnasium-n1\/\",\"name\":\"Darja Semykina, Gymnasium N1 - Deutsche Tage in der Region Jaroslawl\",\"isPartOf\":{\"@id\":\"https:\/\/yar.deutschetage.ru\/de\/#website\"},\"primaryImageOfPage\":{\"@id\":\"https:\/\/yar.deutschetage.ru\/darja-semykina-gymnasium-n1\/#primaryimage\"},\"datePublished\":\"2023-10-25T06:39:35+00:00\",\"dateModified\":\"2023-11-13T10:26:24+00:00\",\"author\":{\"@id\":\"https:\/\/yar.deutschetage.ru\/de\/#\/schema\/person\/4f39fe90cebbcc93ada07890317ab455\"},\"breadcrumb\":{\"@id\":\"https:\/\/yar.deutschetage.ru\/darja-semykina-gymnasium-n1\/#breadcrumb\"},\"inLanguage\":\"de-DE\",\"potentialAction\":[{\"@type\":\"ReadAction\",\"target\":[\"https:\/\/yar.deutschetage.ru\/darja-semykina-gymnasium-n1\/\"]}]},{\"@type\":\"BreadcrumbList\",\"@id\":\"https:\/\/yar.deutschetage.ru\/darja-semykina-gymnasium-n1\/#breadcrumb\",\"itemListElement\":[{\"@type\":\"ListItem\",\"position\":1,\"item\":{\"@type\":\"WebPage\",\"@id\":\"https:\/\/yar.deutschetage.ru\/\",\"url\":\"https:\/\/yar.deutschetage.ru\/\",\"name\":\"\\u0413\\u043b\\u0430\\u0432\\u043d\\u0430\\u044f\"}},{\"@type\":\"ListItem\",\"position\":2,\"item\":{\"@type\":\"WebPage\",\"@id\":\"https:\/\/yar.deutschetage.ru\/darja-semykina-gymnasium-n1\/\",\"url\":\"https:\/\/yar.deutschetage.ru\/darja-semykina-gymnasium-n1\/\",\"name\":\"\\u0414\\u0430\\u0440\\u044c\\u044f \\u0421\\u0435\\u043c\\u044b\\u043a\\u0438\\u043d\\u0430, \\u0433\\u0438\\u043c\\u043d\\u0430\\u0437\\u0438\\u044f \\u21161\"}}]},{\"@type\":\"Person\",\"@id\":\"https:\/\/yar.deutschetage.ru\/de\/#\/schema\/person\/4f39fe90cebbcc93ada07890317ab455\",\"name\":\"\\u0412\\u0430\\u043b\\u0435\\u043d\\u0442\\u0438\\u043d\\u0430\",\"image\":{\"@type\":\"ImageObject\",\"@id\":\"https:\/\/yar.deutschetage.ru\/de\/#personlogo\",\"inLanguage\":\"de-DE\",\"url\":\"https:\/\/secure.gravatar.com\/avatar\/1fe39c6a447b1a4ad661671d48304a9e?s=96&d=mm&r=g\",\"caption\":\"\\u0412\\u0430\\u043b\\u0435\\u043d\\u0442\\u0438\\u043d\\u0430\"}}]}<\/script>\n<!-- \/ Yoast SEO plugin. -->","_links":{"self":[{"href":"https:\/\/yar.deutschetage.ru\/de\/wp-json\/wp\/v2\/posts\/3572"}],"collection":[{"href":"https:\/\/yar.deutschetage.ru\/de\/wp-json\/wp\/v2\/posts"}],"about":[{"href":"https:\/\/yar.deutschetage.ru\/de\/wp-json\/wp\/v2\/types\/post"}],"author":[{"embeddable":true,"href":"https:\/\/yar.deutschetage.ru\/de\/wp-json\/wp\/v2\/users\/2"}],"replies":[{"embeddable":true,"href":"https:\/\/yar.deutschetage.ru\/de\/wp-json\/wp\/v2\/comments?post=3572"}],"version-history":[{"count":6,"href":"https:\/\/yar.deutschetage.ru\/de\/wp-json\/wp\/v2\/posts\/3572\/revisions"}],"predecessor-version":[{"id":3614,"href":"https:\/\/yar.deutschetage.ru\/de\/wp-json\/wp\/v2\/posts\/3572\/revisions\/3614"}],"wp:featuredmedia":[{"embeddable":true,"href":"https:\/\/yar.deutschetage.ru\/de\/wp-json\/wp\/v2\/media\/3574"}],"wp:attachment":[{"href":"https:\/\/yar.deutschetage.ru\/de\/wp-json\/wp\/v2\/media?parent=3572"}],"wp:term":[{"taxonomy":"category","embeddable":true,"href":"https:\/\/yar.deutschetage.ru\/de\/wp-json\/wp\/v2\/categories?post=3572"},{"taxonomy":"post_tag","embeddable":true,"href":"https:\/\/yar.deutschetage.ru\/de\/wp-json\/wp\/v2\/tags?post=3572"}],"curies":[{"name":"wp","href":"https:\/\/api.w.org\/{rel}","templated":true}]}}