{"id":3591,"date":"2023-10-25T10:26:03","date_gmt":"2023-10-25T10:26:03","guid":{"rendered":"https:\/\/yar.deutschetage.ru\/?p=3591"},"modified":"2023-11-13T10:25:36","modified_gmt":"2023-11-13T10:25:36","slug":"dmitrij-nowikow-gymnasium-n1","status":"publish","type":"post","link":"https:\/\/yar.deutschetage.ru\/de\/dmitrij-nowikow-gymnasium-n1\/","title":{"rendered":"Dmitrij Nowikow, Gymnasium N1"},"content":{"rendered":"\n<p><strong><span class=\"has-inline-color has-vivid-red-color\">DIE UNVERZICHTBARE THERMOSFLASCHE VON REINHOLD BURGER<\/span><\/strong><\/p>\n\n\n\n<p>Wir k\u00f6nnen uns ein Leben ohne Thermosflasche, die einen festen Platz in unserem Alltag eingenommen hat, kaum vorstellen. Diese wunderbare Erfindung verdanken wir vor allem Reinhold Burger.<\/p>\n\n\n\n<p>Die Thermosflasche basiert auf einem Gef\u00e4\u00df mit Vakuumw\u00e4nden. Immerhin wurde die Aufgabe einer erh\u00f6hten W\u00e4rmed\u00e4mmung effektiv gemeistert. Genau das hat sich James Dewar ausgedacht und es \u201eDewar-Gef\u00e4\u00df\u201c genannt, aber er konnte keine Verwendung daf\u00fcr finden und hielt es f\u00fcr nutzlos.<\/p>\n\n\n\n<p>Reinhold Burger konnte die Haushaltstauglichkeit der einzigartigen F\u00e4higkeit des Dewar-Gef\u00e4sses beurteilen, da diese es erm\u00f6glichte, die urspr\u00fcngliche Temperatur der Fl\u00fcssigkeit aufrechtzuerhalten.<\/p>\n\n\n\n<figure class=\"wp-block-image size-large is-resized\"><img loading=\"lazy\" src=\"https:\/\/yar.deutschetage.ru\/wp-content\/uploads\/2023\/10\/snimok-ekrana-2023-10-25-v-13.22.23.png\" alt=\"\" class=\"wp-image-3592\" width=\"335\" height=\"575\" srcset=\"https:\/\/yar.deutschetage.ru\/wp-content\/uploads\/2023\/10\/snimok-ekrana-2023-10-25-v-13.22.23.png 290w, https:\/\/yar.deutschetage.ru\/wp-content\/uploads\/2023\/10\/snimok-ekrana-2023-10-25-v-13.22.23-175x300.png 175w\" sizes=\"(max-width: 335px) 100vw, 335px\" \/><figcaption>Design der ersten Thermosflasche<\/figcaption><\/figure>\n\n\n\n<p>Um die \u00f6ffentliche Aufmerksamkeit auf die Entwicklung zu lenken, galt es, die richtige Fl\u00fcssigkeit auszuw\u00e4hlen. Ohne was k\u00f6nnte Ihrer Meinung nach keine englische Familie leben? Die Antwort liegt auf der Hand: ohne eine Tasse Tee.<\/p>\n\n\n\n<p>Im Jahr 1904 patentierte Reinhold Burger das Prinzip der Vakuumflasche und erhielt alle Rechte, die Erfindung f\u00fcr die industrielle Produktion von G\u00fctern zu nutzen.<\/p>\n\n\n\n<p>Mit Hilfe seines deutschen Freundes organisierte Reinhold einen Wettbewerb, der es ihm erm\u00f6glichte, nicht nur mehr \u00f6ffentliche Aufmerksamkeit auf das hergestellte Produkt zu lenken, sondern auch seinen Namen zu bestimmen, der in die Geschichte eingehen sollte. Der Gewinner des Wettbewerbs um den besten Namen war ein M\u00fcnchner. Auf dem Verbrauchermarkt wurde das Unternehmen unter dem Namen Thermos bekannt, abgeleitet vom griechischen Wort \u201eTherme\u201c, was \u201ehei\u00df\u201c bedeutet.<\/p>\n\n\n\n<p>So entstand die allseits erkennbare Thermosflasche, ohne die sich viele Menschen ihr Leben einfach nicht vorstellen k\u00f6nnten. Die Thermosflasche ist unverzichtbar f\u00fcr Touristen auf Wanderungen, f\u00fcr das Milit\u00e4r, f\u00fcr Reisende, f\u00fcr Menschen, die berufsbedingt bei jedem Wetter drau\u00dfen arbeiten. Viele Leute nehmen es mit zur Arbeit und zur Schule. Es ist zu einem vertrauten Gegenstand im Alltag geworden.<\/p>\n\n\n\n<figure class=\"wp-block-image size-large\"><img loading=\"lazy\" width=\"1024\" height=\"698\" src=\"https:\/\/yar.deutschetage.ru\/wp-content\/uploads\/2023\/10\/novikov-d-gimnaziya-\u2116-1-e1698229685400-1024x698.jpg\" alt=\"\" class=\"wp-image-3593\" srcset=\"https:\/\/yar.deutschetage.ru\/wp-content\/uploads\/2023\/10\/novikov-d-gimnaziya-\u2116-1-e1698229685400-1024x698.jpg 1024w, https:\/\/yar.deutschetage.ru\/wp-content\/uploads\/2023\/10\/novikov-d-gimnaziya-\u2116-1-e1698229685400-300x204.jpg 300w, https:\/\/yar.deutschetage.ru\/wp-content\/uploads\/2023\/10\/novikov-d-gimnaziya-\u2116-1-e1698229685400-768x523.jpg 768w, https:\/\/yar.deutschetage.ru\/wp-content\/uploads\/2023\/10\/novikov-d-gimnaziya-\u2116-1-e1698229685400.jpg 1333w\" sizes=\"(max-width: 1024px) 100vw, 1024px\" \/><\/figure>\n","protected":false},"excerpt":{"rendered":"<p>DIE UNVERZICHTBARE THERMOSFLASCHE VON REINHOLD BURGER Wir k\u00f6nnen uns ein Leben ohne Thermosflasche, die einen festen Platz in unserem Alltag eingenommen hat, kaum vorstellen. Diese wunderbare Erfindung verdanken wir vor allem Reinhold Burger. Die Thermosflasche basiert auf einem Gef\u00e4\u00df mit Vakuumw\u00e4nden. Immerhin wurde die Aufgabe einer erh\u00f6hten W\u00e4rmed\u00e4mmung effektiv gemeistert. Genau das hat sich James [&hellip;]<\/p>\n","protected":false},"author":2,"featured_media":3593,"comment_status":"closed","ping_status":"open","sticky":false,"template":"","format":"standard","meta":[],"categories":[24],"tags":[],"yoast_head":"<!-- This site is optimized with the Yoast SEO plugin v14.9 - https:\/\/yoast.com\/wordpress\/plugins\/seo\/ -->\n<title>Dmitrij Nowikow, Gymnasium N1 - Deutsche Tage in der Region Jaroslawl<\/title>\n<meta name=\"robots\" content=\"index, follow, max-snippet:-1, max-image-preview:large, max-video-preview:-1\" \/>\n<link rel=\"canonical\" href=\"https:\/\/yar.deutschetage.ru\/dmitrij-nowikow-gymnasium-n1\/\" \/>\n<meta property=\"og:locale\" content=\"de_DE\" \/>\n<meta property=\"og:type\" content=\"article\" \/>\n<meta property=\"og:title\" content=\"Dmitrij Nowikow, Gymnasium N1 - Deutsche Tage in der Region Jaroslawl\" \/>\n<meta property=\"og:url\" content=\"https:\/\/yar.deutschetage.ru\/dmitrij-nowikow-gymnasium-n1\/\" \/>\n<meta property=\"og:site_name\" content=\"Deutsche Tage in der Region Jaroslawl\" \/>\n<meta property=\"article:publisher\" content=\"https:\/\/www.facebook.com\/groups\/druzjagermanii\" \/>\n<meta property=\"article:published_time\" content=\"2023-10-25T10:26:03+00:00\" \/>\n<meta property=\"article:modified_time\" content=\"2023-11-13T10:25:36+00:00\" \/>\n<meta property=\"og:image\" content=\"https:\/\/yar.deutschetage.ru\/wp-content\/uploads\/2023\/10\/novikov-d-gimnaziya-\u2116-1-e1698229685400.jpg\" \/>\n\t<meta property=\"og:image:width\" content=\"1333\" \/>\n\t<meta property=\"og:image:height\" content=\"908\" \/>\n<meta name=\"twitter:card\" content=\"summary_large_image\" \/>\n<script type=\"application\/ld+json\" class=\"yoast-schema-graph\">{\"@context\":\"https:\/\/schema.org\",\"@graph\":[{\"@type\":\"WebSite\",\"@id\":\"https:\/\/yar.deutschetage.ru\/de\/#website\",\"url\":\"https:\/\/yar.deutschetage.ru\/de\/\",\"name\":\"Deutsche Tage in der Region Jaroslawl\",\"description\":\"Wissenschaftliche Fantastik oder fantastische Wissenschaft\",\"potentialAction\":[{\"@type\":\"SearchAction\",\"target\":\"https:\/\/yar.deutschetage.ru\/de\/?s={search_term_string}\",\"query-input\":\"required name=search_term_string\"}],\"inLanguage\":\"de-DE\"},{\"@type\":\"ImageObject\",\"@id\":\"https:\/\/yar.deutschetage.ru\/dmitrij-nowikow-gymnasium-n1\/#primaryimage\",\"inLanguage\":\"de-DE\",\"url\":\"https:\/\/yar.deutschetage.ru\/wp-content\/uploads\/2023\/10\/novikov-d-gimnaziya-\\u2116-1-e1698229685400.jpg\",\"width\":1333,\"height\":908},{\"@type\":\"WebPage\",\"@id\":\"https:\/\/yar.deutschetage.ru\/dmitrij-nowikow-gymnasium-n1\/#webpage\",\"url\":\"https:\/\/yar.deutschetage.ru\/dmitrij-nowikow-gymnasium-n1\/\",\"name\":\"Dmitrij Nowikow, Gymnasium N1 - Deutsche Tage in der Region Jaroslawl\",\"isPartOf\":{\"@id\":\"https:\/\/yar.deutschetage.ru\/de\/#website\"},\"primaryImageOfPage\":{\"@id\":\"https:\/\/yar.deutschetage.ru\/dmitrij-nowikow-gymnasium-n1\/#primaryimage\"},\"datePublished\":\"2023-10-25T10:26:03+00:00\",\"dateModified\":\"2023-11-13T10:25:36+00:00\",\"author\":{\"@id\":\"https:\/\/yar.deutschetage.ru\/de\/#\/schema\/person\/4f39fe90cebbcc93ada07890317ab455\"},\"breadcrumb\":{\"@id\":\"https:\/\/yar.deutschetage.ru\/dmitrij-nowikow-gymnasium-n1\/#breadcrumb\"},\"inLanguage\":\"de-DE\",\"potentialAction\":[{\"@type\":\"ReadAction\",\"target\":[\"https:\/\/yar.deutschetage.ru\/dmitrij-nowikow-gymnasium-n1\/\"]}]},{\"@type\":\"BreadcrumbList\",\"@id\":\"https:\/\/yar.deutschetage.ru\/dmitrij-nowikow-gymnasium-n1\/#breadcrumb\",\"itemListElement\":[{\"@type\":\"ListItem\",\"position\":1,\"item\":{\"@type\":\"WebPage\",\"@id\":\"https:\/\/yar.deutschetage.ru\/\",\"url\":\"https:\/\/yar.deutschetage.ru\/\",\"name\":\"\\u0413\\u043b\\u0430\\u0432\\u043d\\u0430\\u044f\"}},{\"@type\":\"ListItem\",\"position\":2,\"item\":{\"@type\":\"WebPage\",\"@id\":\"https:\/\/yar.deutschetage.ru\/dmitrij-nowikow-gymnasium-n1\/\",\"url\":\"https:\/\/yar.deutschetage.ru\/dmitrij-nowikow-gymnasium-n1\/\",\"name\":\"\\u0414\\u043c\\u0438\\u0442\\u0440\\u0438\\u0439 \\u041d\\u043e\\u0432\\u0438\\u043a\\u043e\\u0432, \\u0433\\u0438\\u043c\\u043d\\u0430\\u0437\\u0438\\u044f \\u21161\"}}]},{\"@type\":\"Person\",\"@id\":\"https:\/\/yar.deutschetage.ru\/de\/#\/schema\/person\/4f39fe90cebbcc93ada07890317ab455\",\"name\":\"\\u0412\\u0430\\u043b\\u0435\\u043d\\u0442\\u0438\\u043d\\u0430\",\"image\":{\"@type\":\"ImageObject\",\"@id\":\"https:\/\/yar.deutschetage.ru\/de\/#personlogo\",\"inLanguage\":\"de-DE\",\"url\":\"https:\/\/secure.gravatar.com\/avatar\/1fe39c6a447b1a4ad661671d48304a9e?s=96&d=mm&r=g\",\"caption\":\"\\u0412\\u0430\\u043b\\u0435\\u043d\\u0442\\u0438\\u043d\\u0430\"}}]}<\/script>\n<!-- \/ Yoast SEO plugin. -->","_links":{"self":[{"href":"https:\/\/yar.deutschetage.ru\/de\/wp-json\/wp\/v2\/posts\/3591"}],"collection":[{"href":"https:\/\/yar.deutschetage.ru\/de\/wp-json\/wp\/v2\/posts"}],"about":[{"href":"https:\/\/yar.deutschetage.ru\/de\/wp-json\/wp\/v2\/types\/post"}],"author":[{"embeddable":true,"href":"https:\/\/yar.deutschetage.ru\/de\/wp-json\/wp\/v2\/users\/2"}],"replies":[{"embeddable":true,"href":"https:\/\/yar.deutschetage.ru\/de\/wp-json\/wp\/v2\/comments?post=3591"}],"version-history":[{"count":5,"href":"https:\/\/yar.deutschetage.ru\/de\/wp-json\/wp\/v2\/posts\/3591\/revisions"}],"predecessor-version":[{"id":3612,"href":"https:\/\/yar.deutschetage.ru\/de\/wp-json\/wp\/v2\/posts\/3591\/revisions\/3612"}],"wp:featuredmedia":[{"embeddable":true,"href":"https:\/\/yar.deutschetage.ru\/de\/wp-json\/wp\/v2\/media\/3593"}],"wp:attachment":[{"href":"https:\/\/yar.deutschetage.ru\/de\/wp-json\/wp\/v2\/media?parent=3591"}],"wp:term":[{"taxonomy":"category","embeddable":true,"href":"https:\/\/yar.deutschetage.ru\/de\/wp-json\/wp\/v2\/categories?post=3591"},{"taxonomy":"post_tag","embeddable":true,"href":"https:\/\/yar.deutschetage.ru\/de\/wp-json\/wp\/v2\/tags?post=3591"}],"curies":[{"name":"wp","href":"https:\/\/api.w.org\/{rel}","templated":true}]}}