{"id":3599,"date":"2023-10-25T10:53:41","date_gmt":"2023-10-25T10:53:41","guid":{"rendered":"https:\/\/yar.deutschetage.ru\/?p=3599"},"modified":"2023-11-13T10:25:14","modified_gmt":"2023-11-13T10:25:14","slug":"sergej-shukow-gymnasium-n1","status":"publish","type":"post","link":"https:\/\/yar.deutschetage.ru\/de\/sergej-shukow-gymnasium-n1\/","title":{"rendered":"Sergej Shukow, Gymnasium N1"},"content":{"rendered":"\n<p><strong><span class=\"has-inline-color has-vivid-red-color\">FANTASTISCHE GESCHICHTE VON FANTA<\/span><\/strong><\/p>\n\n\n\n<p>Fanta ist ein beliebtes kohlens\u00e4urehaltiges Erfrischungsgetr\u00e4nk, das f\u00fcr seinen kr\u00e4ftigen Geschmack und seinen erfrischenden Geschmack bekannt ist. Seine Geschichte reicht bis in die 1940er Jahre zur\u00fcck, als es w\u00e4hrend des Zweiten Weltkriegs in Deutschland entstand. Aufgrund des Mangels an Zutaten w\u00e4hrend des Krieges entwickelte die deutsche Abteilung von Coca-Cola ein neues Getr\u00e4nk unter Verwendung verf\u00fcgbarer Zutaten. Das daraus resultierende Getr\u00e4nk wurde \u201eFanta\u201c genannt, abgeleitet vom deutschen Wort \u201eFantasie\u201c.<\/p>\n\n\n\n<div class=\"wp-block-media-text alignwide is-stacked-on-mobile\"><figure class=\"wp-block-media-text__media\"><img loading=\"lazy\" width=\"966\" height=\"856\" src=\"https:\/\/yar.deutschetage.ru\/wp-content\/uploads\/2023\/10\/snimok-ekrana-2023-10-25-v-13.48.09.png\" alt=\"\" class=\"wp-image-3600\" srcset=\"https:\/\/yar.deutschetage.ru\/wp-content\/uploads\/2023\/10\/snimok-ekrana-2023-10-25-v-13.48.09.png 966w, https:\/\/yar.deutschetage.ru\/wp-content\/uploads\/2023\/10\/snimok-ekrana-2023-10-25-v-13.48.09-300x266.png 300w, https:\/\/yar.deutschetage.ru\/wp-content\/uploads\/2023\/10\/snimok-ekrana-2023-10-25-v-13.48.09-768x681.png 768w\" sizes=\"(max-width: 966px) 100vw, 966px\" \/><\/figure><div class=\"wp-block-media-text__content\">\n<p>Fanta wurde urspr\u00fcnglich aus einer Mischung aus Abf\u00e4llen der Apfelweinherstellung und Molke hergestellt, was zu einem fruchtigen und leicht w\u00fcrzigen Geschmack f\u00fchrte. Das Getr\u00e4nk gewann schnell an Popularit\u00e4t und wurde in ganz Europa bekannt.<\/p>\n<\/div><\/div>\n\n\n\n<p>Nach dem Krieg erlangte die Coca-Cola Company die Kontrolle \u00fcber ihre deutsche Abteilung zur\u00fcck und beschloss aufgrund des Erfolgs des Getr\u00e4nks, Fanta weiter zu produzieren.<\/p>\n\n\n\n<p>Fanta hat im Laufe der Jahre verschiedene Ver\u00e4nderungen erfahren. In den 1950er Jahren wurde das Fanta-Rezept um die Zugabe von Orangengeschmack erweitert, der zu seiner kultigsten und beliebtesten Variante wurde. Das Getr\u00e4nk erfreute sich weltweit immer gr\u00f6\u00dferer Beliebtheit und wurde schlie\u00dflich in den 1960er Jahren in den Vereinigten Staaten eingef\u00fchrt.<\/p>\n\n\n\n<p>In den 1970er Jahren wurden zus\u00e4tzliche Geschmacksrichtungen wie Traube, Erdbeere und Ananas eingef\u00fchrt, um den unterschiedlichen Vorlieben der Verbraucher gerecht zu werden. In den folgenden Jahrzehnten setzte Fanta die Innovation und Erweiterung seiner Produktlinie fort und f\u00fchrte neue Geschmacksrichtungen und Verpackungsformate ein.<\/p>\n\n\n\n<p>Heute ist Fanta in mehr als 180 L\u00e4ndern erh\u00e4ltlich und bietet eine gro\u00dfe Auswahl an Geschmacksrichtungen, darunter auch exotische Varianten wie Mango, Passionsfrucht und Pfirsich. Es hat sich zu einer der f\u00fchrenden Marken in der globalen Erfrischungsgetr\u00e4nkeindustrie entwickelt und ist f\u00fcr seinen unverwechselbaren Geschmack bekannt. Seit 2022 wird Fanta in Russland unter dem Namen Dobry \u201eOrange\u201c hergestellt.<\/p>\n\n\n\n<p>Fanta ist in allen L\u00e4ndern beliebt. Dies ist eines der beliebtesten Getr\u00e4nke, insbesondere bei Kindern. Da das Getr\u00e4nk alkoholfrei ist, ist es gesund. Auf Kinderfesten und Geburtstagen darf dieses Lieblingsgetr\u00e4nk nicht fehlen. Fanta ist ein Beispiel daf\u00fcr, wie die Fantasie der Erfinder des Getr\u00e4nks zu einer globalen Marke geworden ist.<\/p>\n\n\n\n<p><\/p>\n","protected":false},"excerpt":{"rendered":"<p>FANTASTISCHE GESCHICHTE VON FANTA Fanta ist ein beliebtes kohlens\u00e4urehaltiges Erfrischungsgetr\u00e4nk, das f\u00fcr seinen kr\u00e4ftigen Geschmack und seinen erfrischenden Geschmack bekannt ist. Seine Geschichte reicht bis in die 1940er Jahre zur\u00fcck, als es w\u00e4hrend des Zweiten Weltkriegs in Deutschland entstand. Aufgrund des Mangels an Zutaten w\u00e4hrend des Krieges entwickelte die deutsche Abteilung von Coca-Cola ein neues [&hellip;]<\/p>\n","protected":false},"author":2,"featured_media":3601,"comment_status":"closed","ping_status":"open","sticky":false,"template":"","format":"standard","meta":[],"categories":[24],"tags":[],"yoast_head":"<!-- This site is optimized with the Yoast SEO plugin v14.9 - https:\/\/yoast.com\/wordpress\/plugins\/seo\/ -->\n<title>Sergej Shukow, Gymnasium N1 - Deutsche Tage in der Region Jaroslawl<\/title>\n<meta name=\"robots\" content=\"index, follow, max-snippet:-1, max-image-preview:large, max-video-preview:-1\" \/>\n<link rel=\"canonical\" href=\"https:\/\/yar.deutschetage.ru\/sergej-shukow-gymnasium-n1\/\" \/>\n<meta property=\"og:locale\" content=\"de_DE\" \/>\n<meta property=\"og:type\" content=\"article\" \/>\n<meta property=\"og:title\" content=\"Sergej Shukow, Gymnasium N1 - Deutsche Tage in der Region Jaroslawl\" \/>\n<meta property=\"og:url\" content=\"https:\/\/yar.deutschetage.ru\/sergej-shukow-gymnasium-n1\/\" \/>\n<meta property=\"og:site_name\" content=\"Deutsche Tage in der Region Jaroslawl\" \/>\n<meta property=\"article:publisher\" content=\"https:\/\/www.facebook.com\/groups\/druzjagermanii\" \/>\n<meta property=\"article:published_time\" content=\"2023-10-25T10:53:41+00:00\" \/>\n<meta property=\"article:modified_time\" content=\"2023-11-13T10:25:14+00:00\" \/>\n<meta property=\"og:image\" content=\"https:\/\/yar.deutschetage.ru\/wp-content\/uploads\/2023\/10\/snimok-ekrana-2023-10-25-v-13.48.09-1-e1698231210270.png\" \/>\n\t<meta property=\"og:image:width\" content=\"966\" \/>\n\t<meta property=\"og:image:height\" content=\"652\" \/>\n<meta name=\"twitter:card\" content=\"summary_large_image\" \/>\n<script type=\"application\/ld+json\" class=\"yoast-schema-graph\">{\"@context\":\"https:\/\/schema.org\",\"@graph\":[{\"@type\":\"WebSite\",\"@id\":\"https:\/\/yar.deutschetage.ru\/de\/#website\",\"url\":\"https:\/\/yar.deutschetage.ru\/de\/\",\"name\":\"Deutsche Tage in der Region Jaroslawl\",\"description\":\"Wissenschaftliche Fantastik oder fantastische Wissenschaft\",\"potentialAction\":[{\"@type\":\"SearchAction\",\"target\":\"https:\/\/yar.deutschetage.ru\/de\/?s={search_term_string}\",\"query-input\":\"required name=search_term_string\"}],\"inLanguage\":\"de-DE\"},{\"@type\":\"ImageObject\",\"@id\":\"https:\/\/yar.deutschetage.ru\/sergej-shukow-gymnasium-n1\/#primaryimage\",\"inLanguage\":\"de-DE\",\"url\":\"https:\/\/yar.deutschetage.ru\/wp-content\/uploads\/2023\/10\/snimok-ekrana-2023-10-25-v-13.48.09-1-e1698231210270.png\",\"width\":966,\"height\":652},{\"@type\":\"WebPage\",\"@id\":\"https:\/\/yar.deutschetage.ru\/sergej-shukow-gymnasium-n1\/#webpage\",\"url\":\"https:\/\/yar.deutschetage.ru\/sergej-shukow-gymnasium-n1\/\",\"name\":\"Sergej Shukow, Gymnasium N1 - Deutsche Tage in der Region Jaroslawl\",\"isPartOf\":{\"@id\":\"https:\/\/yar.deutschetage.ru\/de\/#website\"},\"primaryImageOfPage\":{\"@id\":\"https:\/\/yar.deutschetage.ru\/sergej-shukow-gymnasium-n1\/#primaryimage\"},\"datePublished\":\"2023-10-25T10:53:41+00:00\",\"dateModified\":\"2023-11-13T10:25:14+00:00\",\"author\":{\"@id\":\"https:\/\/yar.deutschetage.ru\/de\/#\/schema\/person\/4f39fe90cebbcc93ada07890317ab455\"},\"breadcrumb\":{\"@id\":\"https:\/\/yar.deutschetage.ru\/sergej-shukow-gymnasium-n1\/#breadcrumb\"},\"inLanguage\":\"de-DE\",\"potentialAction\":[{\"@type\":\"ReadAction\",\"target\":[\"https:\/\/yar.deutschetage.ru\/sergej-shukow-gymnasium-n1\/\"]}]},{\"@type\":\"BreadcrumbList\",\"@id\":\"https:\/\/yar.deutschetage.ru\/sergej-shukow-gymnasium-n1\/#breadcrumb\",\"itemListElement\":[{\"@type\":\"ListItem\",\"position\":1,\"item\":{\"@type\":\"WebPage\",\"@id\":\"https:\/\/yar.deutschetage.ru\/\",\"url\":\"https:\/\/yar.deutschetage.ru\/\",\"name\":\"\\u0413\\u043b\\u0430\\u0432\\u043d\\u0430\\u044f\"}},{\"@type\":\"ListItem\",\"position\":2,\"item\":{\"@type\":\"WebPage\",\"@id\":\"https:\/\/yar.deutschetage.ru\/sergej-shukow-gymnasium-n1\/\",\"url\":\"https:\/\/yar.deutschetage.ru\/sergej-shukow-gymnasium-n1\/\",\"name\":\"\\u0421\\u0435\\u0440\\u0433\\u0435\\u0439 \\u0416\\u0443\\u043a\\u043e\\u0432, \\u0433\\u0438\\u043c\\u043d\\u0430\\u0437\\u0438\\u044f \\u21161\"}}]},{\"@type\":\"Person\",\"@id\":\"https:\/\/yar.deutschetage.ru\/de\/#\/schema\/person\/4f39fe90cebbcc93ada07890317ab455\",\"name\":\"\\u0412\\u0430\\u043b\\u0435\\u043d\\u0442\\u0438\\u043d\\u0430\",\"image\":{\"@type\":\"ImageObject\",\"@id\":\"https:\/\/yar.deutschetage.ru\/de\/#personlogo\",\"inLanguage\":\"de-DE\",\"url\":\"https:\/\/secure.gravatar.com\/avatar\/1fe39c6a447b1a4ad661671d48304a9e?s=96&d=mm&r=g\",\"caption\":\"\\u0412\\u0430\\u043b\\u0435\\u043d\\u0442\\u0438\\u043d\\u0430\"}}]}<\/script>\n<!-- \/ Yoast SEO plugin. -->","_links":{"self":[{"href":"https:\/\/yar.deutschetage.ru\/de\/wp-json\/wp\/v2\/posts\/3599"}],"collection":[{"href":"https:\/\/yar.deutschetage.ru\/de\/wp-json\/wp\/v2\/posts"}],"about":[{"href":"https:\/\/yar.deutschetage.ru\/de\/wp-json\/wp\/v2\/types\/post"}],"author":[{"embeddable":true,"href":"https:\/\/yar.deutschetage.ru\/de\/wp-json\/wp\/v2\/users\/2"}],"replies":[{"embeddable":true,"href":"https:\/\/yar.deutschetage.ru\/de\/wp-json\/wp\/v2\/comments?post=3599"}],"version-history":[{"count":3,"href":"https:\/\/yar.deutschetage.ru\/de\/wp-json\/wp\/v2\/posts\/3599\/revisions"}],"predecessor-version":[{"id":3605,"href":"https:\/\/yar.deutschetage.ru\/de\/wp-json\/wp\/v2\/posts\/3599\/revisions\/3605"}],"wp:featuredmedia":[{"embeddable":true,"href":"https:\/\/yar.deutschetage.ru\/de\/wp-json\/wp\/v2\/media\/3601"}],"wp:attachment":[{"href":"https:\/\/yar.deutschetage.ru\/de\/wp-json\/wp\/v2\/media?parent=3599"}],"wp:term":[{"taxonomy":"category","embeddable":true,"href":"https:\/\/yar.deutschetage.ru\/de\/wp-json\/wp\/v2\/categories?post=3599"},{"taxonomy":"post_tag","embeddable":true,"href":"https:\/\/yar.deutschetage.ru\/de\/wp-json\/wp\/v2\/tags?post=3599"}],"curies":[{"name":"wp","href":"https:\/\/api.w.org\/{rel}","templated":true}]}}