{"id":3649,"date":"2023-10-28T10:25:49","date_gmt":"2023-10-28T10:25:49","guid":{"rendered":"https:\/\/yar.deutschetage.ru\/?p=3649"},"modified":"2023-11-13T10:22:23","modified_gmt":"2023-11-13T10:22:23","slug":"valerija-lebedewa-rpk","status":"publish","type":"post","link":"https:\/\/yar.deutschetage.ru\/de\/valerija-lebedewa-rpk\/","title":{"rendered":"Valerija Lebedewa, RPK"},"content":{"rendered":"\n<p><strong><span class=\"has-inline-color has-vivid-red-color\">DER ERSTE BIT IN DER GESCHICHTE<\/span><\/strong><\/p>\n\n\n\n<figure class=\"wp-block-image size-large\"><img loading=\"lazy\" width=\"877\" height=\"637\" src=\"https:\/\/yar.deutschetage.ru\/wp-content\/uploads\/2023\/10\/lebedeva.jpg\" alt=\"\" class=\"wp-image-3650\" srcset=\"https:\/\/yar.deutschetage.ru\/wp-content\/uploads\/2023\/10\/lebedeva.jpg 877w, https:\/\/yar.deutschetage.ru\/wp-content\/uploads\/2023\/10\/lebedeva-300x218.jpg 300w, https:\/\/yar.deutschetage.ru\/wp-content\/uploads\/2023\/10\/lebedeva-768x558.jpg 768w\" sizes=\"(max-width: 877px) 100vw, 877px\" \/><\/figure>\n\n\n\n<p>Jetzt ist Computer einen wichtigen Teil des Menscchenlebens geworden. Viele Leute stellen ihr Leben ohne Computer nicht vor. Wir haben uns gew\u00f6hnt, Computer mit Amerika zu assoziiren, weil das Wort aus dem Englisch zu uns gekommen ist. Doch nicht Viele kennen, dass der erste Computer von dem deutschen Ingenieur Konrad Zuse erfunden wurde.<\/p>\n\n\n\n<p>1937 baute Zuse die erste brauchbare elektronische Maschine. Gleichzeitig entwickelte Zuse die erste Hochsprache, die f\u00fcr komplexe Berechnungen n\u00fctzlich sein sollte. Diese Sprache verf\u00fcgte \u00fcber Schleifen, bedingte Anweisungen, Unterroutinen, Arrays, hierarchische Strukturen und Ausnahmebehandlung. Im Dezember 1944 war die Z4 fast fertig, wurde aber bei der Bombardierung Berlins fast zerst\u00f6rt. Gl\u00fccklicherweise konnte Zuse den Z4 retten \u2013 im M\u00e4rz brachte er den Computer in ein Dorf in den Alpen und lagerte ihn dort drei Jahre lang ein.<\/p>\n\n\n\n<p>Das Auto wurde schlie\u00dflich 1950 fertiggestellt. Damals war es der einzige digitale Computer in Europa. Die Architektur des Z4 erinnerte an moderne PCs: Speicher und Prozessor waren separate Ger\u00e4te, das Programm wurde auf Band gespeichert und Anweisungen wurden sequentiell gelesen und ausgef\u00fchrt.<\/p>\n\n\n\n<p>Bis in die 1960er Jahre wurde der Computer f\u00fcr komplexe Berechnungen eingesetzt. Heute befindet es sich im Deutschen Museum in M\u00fcnchen.<\/p>\n\n\n\n<p><\/p>\n","protected":false},"excerpt":{"rendered":"<p>DER ERSTE BIT IN DER GESCHICHTE Jetzt ist Computer einen wichtigen Teil des Menscchenlebens geworden. Viele Leute stellen ihr Leben ohne Computer nicht vor. Wir haben uns gew\u00f6hnt, Computer mit Amerika zu assoziiren, weil das Wort aus dem Englisch zu uns gekommen ist. Doch nicht Viele kennen, dass der erste Computer von dem deutschen Ingenieur [&hellip;]<\/p>\n","protected":false},"author":2,"featured_media":3650,"comment_status":"closed","ping_status":"open","sticky":false,"template":"","format":"standard","meta":[],"categories":[24],"tags":[],"yoast_head":"<!-- This site is optimized with the Yoast SEO plugin v14.9 - https:\/\/yoast.com\/wordpress\/plugins\/seo\/ -->\n<title>Valerija Lebedewa, RPK - Deutsche Tage in der Region Jaroslawl<\/title>\n<meta name=\"robots\" content=\"index, follow, max-snippet:-1, max-image-preview:large, max-video-preview:-1\" \/>\n<link rel=\"canonical\" href=\"https:\/\/yar.deutschetage.ru\/valerija-lebedewa-rpk\/\" \/>\n<meta property=\"og:locale\" content=\"de_DE\" \/>\n<meta property=\"og:type\" content=\"article\" \/>\n<meta property=\"og:title\" content=\"Valerija Lebedewa, RPK - Deutsche Tage in der Region Jaroslawl\" \/>\n<meta property=\"og:url\" content=\"https:\/\/yar.deutschetage.ru\/valerija-lebedewa-rpk\/\" \/>\n<meta property=\"og:site_name\" content=\"Deutsche Tage in der Region Jaroslawl\" \/>\n<meta property=\"article:publisher\" content=\"https:\/\/www.facebook.com\/groups\/druzjagermanii\" \/>\n<meta property=\"article:published_time\" content=\"2023-10-28T10:25:49+00:00\" \/>\n<meta property=\"article:modified_time\" content=\"2023-11-13T10:22:23+00:00\" \/>\n<meta property=\"og:image\" content=\"https:\/\/yar.deutschetage.ru\/wp-content\/uploads\/2023\/10\/lebedeva.jpg\" \/>\n\t<meta property=\"og:image:width\" content=\"877\" \/>\n\t<meta property=\"og:image:height\" content=\"637\" \/>\n<meta name=\"twitter:card\" content=\"summary_large_image\" \/>\n<script type=\"application\/ld+json\" class=\"yoast-schema-graph\">{\"@context\":\"https:\/\/schema.org\",\"@graph\":[{\"@type\":\"WebSite\",\"@id\":\"https:\/\/yar.deutschetage.ru\/de\/#website\",\"url\":\"https:\/\/yar.deutschetage.ru\/de\/\",\"name\":\"Deutsche Tage in der Region Jaroslawl\",\"description\":\"Wissenschaftliche Fantastik oder fantastische Wissenschaft\",\"potentialAction\":[{\"@type\":\"SearchAction\",\"target\":\"https:\/\/yar.deutschetage.ru\/de\/?s={search_term_string}\",\"query-input\":\"required name=search_term_string\"}],\"inLanguage\":\"de-DE\"},{\"@type\":\"ImageObject\",\"@id\":\"https:\/\/yar.deutschetage.ru\/valerija-lebedewa-rpk\/#primaryimage\",\"inLanguage\":\"de-DE\",\"url\":\"https:\/\/yar.deutschetage.ru\/wp-content\/uploads\/2023\/10\/lebedeva.jpg\",\"width\":877,\"height\":637},{\"@type\":\"WebPage\",\"@id\":\"https:\/\/yar.deutschetage.ru\/valerija-lebedewa-rpk\/#webpage\",\"url\":\"https:\/\/yar.deutschetage.ru\/valerija-lebedewa-rpk\/\",\"name\":\"Valerija Lebedewa, RPK - Deutsche Tage in der Region Jaroslawl\",\"isPartOf\":{\"@id\":\"https:\/\/yar.deutschetage.ru\/de\/#website\"},\"primaryImageOfPage\":{\"@id\":\"https:\/\/yar.deutschetage.ru\/valerija-lebedewa-rpk\/#primaryimage\"},\"datePublished\":\"2023-10-28T10:25:49+00:00\",\"dateModified\":\"2023-11-13T10:22:23+00:00\",\"author\":{\"@id\":\"https:\/\/yar.deutschetage.ru\/de\/#\/schema\/person\/4f39fe90cebbcc93ada07890317ab455\"},\"breadcrumb\":{\"@id\":\"https:\/\/yar.deutschetage.ru\/valerija-lebedewa-rpk\/#breadcrumb\"},\"inLanguage\":\"de-DE\",\"potentialAction\":[{\"@type\":\"ReadAction\",\"target\":[\"https:\/\/yar.deutschetage.ru\/valerija-lebedewa-rpk\/\"]}]},{\"@type\":\"BreadcrumbList\",\"@id\":\"https:\/\/yar.deutschetage.ru\/valerija-lebedewa-rpk\/#breadcrumb\",\"itemListElement\":[{\"@type\":\"ListItem\",\"position\":1,\"item\":{\"@type\":\"WebPage\",\"@id\":\"https:\/\/yar.deutschetage.ru\/\",\"url\":\"https:\/\/yar.deutschetage.ru\/\",\"name\":\"\\u0413\\u043b\\u0430\\u0432\\u043d\\u0430\\u044f\"}},{\"@type\":\"ListItem\",\"position\":2,\"item\":{\"@type\":\"WebPage\",\"@id\":\"https:\/\/yar.deutschetage.ru\/valerija-lebedewa-rpk\/\",\"url\":\"https:\/\/yar.deutschetage.ru\/valerija-lebedewa-rpk\/\",\"name\":\"\\u0412\\u0430\\u043b\\u0435\\u0440\\u0438\\u044f \\u041b\\u0435\\u0431\\u0435\\u0434\\u0435\\u0432\\u0430, \\u0420\\u041f\\u041a\"}}]},{\"@type\":\"Person\",\"@id\":\"https:\/\/yar.deutschetage.ru\/de\/#\/schema\/person\/4f39fe90cebbcc93ada07890317ab455\",\"name\":\"\\u0412\\u0430\\u043b\\u0435\\u043d\\u0442\\u0438\\u043d\\u0430\",\"image\":{\"@type\":\"ImageObject\",\"@id\":\"https:\/\/yar.deutschetage.ru\/de\/#personlogo\",\"inLanguage\":\"de-DE\",\"url\":\"https:\/\/secure.gravatar.com\/avatar\/1fe39c6a447b1a4ad661671d48304a9e?s=96&d=mm&r=g\",\"caption\":\"\\u0412\\u0430\\u043b\\u0435\\u043d\\u0442\\u0438\\u043d\\u0430\"}}]}<\/script>\n<!-- \/ Yoast SEO plugin. -->","_links":{"self":[{"href":"https:\/\/yar.deutschetage.ru\/de\/wp-json\/wp\/v2\/posts\/3649"}],"collection":[{"href":"https:\/\/yar.deutschetage.ru\/de\/wp-json\/wp\/v2\/posts"}],"about":[{"href":"https:\/\/yar.deutschetage.ru\/de\/wp-json\/wp\/v2\/types\/post"}],"author":[{"embeddable":true,"href":"https:\/\/yar.deutschetage.ru\/de\/wp-json\/wp\/v2\/users\/2"}],"replies":[{"embeddable":true,"href":"https:\/\/yar.deutschetage.ru\/de\/wp-json\/wp\/v2\/comments?post=3649"}],"version-history":[{"count":3,"href":"https:\/\/yar.deutschetage.ru\/de\/wp-json\/wp\/v2\/posts\/3649\/revisions"}],"predecessor-version":[{"id":3653,"href":"https:\/\/yar.deutschetage.ru\/de\/wp-json\/wp\/v2\/posts\/3649\/revisions\/3653"}],"wp:featuredmedia":[{"embeddable":true,"href":"https:\/\/yar.deutschetage.ru\/de\/wp-json\/wp\/v2\/media\/3650"}],"wp:attachment":[{"href":"https:\/\/yar.deutschetage.ru\/de\/wp-json\/wp\/v2\/media?parent=3649"}],"wp:term":[{"taxonomy":"category","embeddable":true,"href":"https:\/\/yar.deutschetage.ru\/de\/wp-json\/wp\/v2\/categories?post=3649"},{"taxonomy":"post_tag","embeddable":true,"href":"https:\/\/yar.deutschetage.ru\/de\/wp-json\/wp\/v2\/tags?post=3649"}],"curies":[{"name":"wp","href":"https:\/\/api.w.org\/{rel}","templated":true}]}}