{"id":3662,"date":"2023-10-28T11:15:46","date_gmt":"2023-10-28T11:15:46","guid":{"rendered":"https:\/\/yar.deutschetage.ru\/?p=3662"},"modified":"2023-11-13T10:21:48","modified_gmt":"2023-11-13T10:21:48","slug":"ekaterina-kharotonowa-rpk","status":"publish","type":"post","link":"https:\/\/yar.deutschetage.ru\/de\/ekaterina-kharotonowa-rpk\/","title":{"rendered":"Ekaterina Kharitonowa, RPK"},"content":{"rendered":"\n<figure class=\"wp-block-image size-large\"><img loading=\"lazy\" width=\"813\" height=\"573\" src=\"https:\/\/yar.deutschetage.ru\/wp-content\/uploads\/2023\/10\/snimok-ekrana-2023-10-28-v-14.11.15-e1698492075408.png\" alt=\"\" class=\"wp-image-3665\" srcset=\"https:\/\/yar.deutschetage.ru\/wp-content\/uploads\/2023\/10\/snimok-ekrana-2023-10-28-v-14.11.15-e1698492075408.png 813w, https:\/\/yar.deutschetage.ru\/wp-content\/uploads\/2023\/10\/snimok-ekrana-2023-10-28-v-14.11.15-e1698492075408-300x211.png 300w, https:\/\/yar.deutschetage.ru\/wp-content\/uploads\/2023\/10\/snimok-ekrana-2023-10-28-v-14.11.15-e1698492075408-768x541.png 768w\" sizes=\"(max-width: 813px) 100vw, 813px\" \/><\/figure>\n\n\n\n<p><strong>ZAHNPASTA<\/strong><\/p>\n\n\n\n<p>&nbsp;&nbsp;&nbsp;&nbsp;&nbsp;&nbsp;&nbsp; Wir putzen uns alle unsere Z\u00e4hne. Und in jedem Badezimmer befindet sich diese Erfindung der Menschheit. Aber nur wenige Menschen wissen, dass die Zahnpasta von einem deutschen Apothekenmitarbeiter &#8211; Ottomar Heinsius von Mayenburg &#8211; erfunden wurde.<\/p>\n\n\n\n<p>&nbsp;&nbsp;&nbsp;&nbsp;&nbsp;&nbsp;&nbsp; Im 20. Jahrhundert wurde ein Pulver zur Vorbeugung von Zahnfleischentz\u00fcndungen erfunden, aber niemand hat eine vollst\u00e4ndige Zahnpasta zur Reinigung, zum frischen Atmen und zur Vorbeugung von Karies erfunden. Der Mitarbeiter der Apotheke fragte sich, warum er ein Produkt nicht erfunden h\u04d3tte, wo sich alle drei Elemente vereinen k\u00f6nnten.<\/p>\n\n\n\n<p>&nbsp;&nbsp;&nbsp;&nbsp;&nbsp; Und er hat es geschafft! Dank seiner Verfeinerung k\u00f6nnen wir nicht nur unsere Z\u04d3hne putzen, sondern auch unser Atem Frisch machen, hygienische Normen f\u00fcr unsere Mundh\u00f6hle beachten, Gesundheit unserer Z\u04d3hne und Zahnfleische halten.<\/p>\n\n\n\n<p>&nbsp;&nbsp;&nbsp;&nbsp;&nbsp;&nbsp; Nebenbei wurde die Zahnpasta &#8222;Chlorodont&#8220; 1911 bei der ersten internationalen Ausstellung von Hygieneartikeln in M\u00fcnchen mit einer Goldmedaille ausgezeichnet.<\/p>\n\n\n\n<p>\u00a0 \u00a0\u00a0\u00a0\u00a0Diese Erfindung hat wohltuende Wirkung auf Menschengesundheit ausge\u00fcbt und sowohl in Beziehung der allgemeinen Hygiene, als auch Krankheitsverh\u00fctung der Mundh\u00f6hle geholfen. Die Erfindung von Zahnpasta ist eine der wichtigsten Erfindungen der Welt.<\/p>\n\n\n\n<figure class=\"wp-block-image size-large\"><img loading=\"lazy\" width=\"819\" height=\"1024\" src=\"https:\/\/yar.deutschetage.ru\/wp-content\/uploads\/2023\/10\/snimok-ekrana-2023-10-28-v-14.09.17-819x1024.png\" alt=\"\" class=\"wp-image-3664\" srcset=\"https:\/\/yar.deutschetage.ru\/wp-content\/uploads\/2023\/10\/snimok-ekrana-2023-10-28-v-14.09.17-819x1024.png 819w, https:\/\/yar.deutschetage.ru\/wp-content\/uploads\/2023\/10\/snimok-ekrana-2023-10-28-v-14.09.17-240x300.png 240w, https:\/\/yar.deutschetage.ru\/wp-content\/uploads\/2023\/10\/snimok-ekrana-2023-10-28-v-14.09.17-768x960.png 768w, https:\/\/yar.deutschetage.ru\/wp-content\/uploads\/2023\/10\/snimok-ekrana-2023-10-28-v-14.09.17.png 1006w\" sizes=\"(max-width: 819px) 100vw, 819px\" \/><\/figure>\n","protected":false},"excerpt":{"rendered":"<p>ZAHNPASTA &nbsp;&nbsp;&nbsp;&nbsp;&nbsp;&nbsp;&nbsp; Wir putzen uns alle unsere Z\u00e4hne. Und in jedem Badezimmer befindet sich diese Erfindung der Menschheit. Aber nur wenige Menschen wissen, dass die Zahnpasta von einem deutschen Apothekenmitarbeiter &#8211; Ottomar Heinsius von Mayenburg &#8211; erfunden wurde. &nbsp;&nbsp;&nbsp;&nbsp;&nbsp;&nbsp;&nbsp; Im 20. Jahrhundert wurde ein Pulver zur Vorbeugung von Zahnfleischentz\u00fcndungen erfunden, aber niemand hat eine vollst\u00e4ndige [&hellip;]<\/p>\n","protected":false},"author":2,"featured_media":3665,"comment_status":"closed","ping_status":"open","sticky":false,"template":"","format":"standard","meta":[],"categories":[24],"tags":[],"yoast_head":"<!-- This site is optimized with the Yoast SEO plugin v14.9 - https:\/\/yoast.com\/wordpress\/plugins\/seo\/ -->\n<title>Ekaterina Kharitonowa, RPK - Deutsche Tage in der Region Jaroslawl<\/title>\n<meta name=\"robots\" content=\"index, follow, max-snippet:-1, max-image-preview:large, max-video-preview:-1\" \/>\n<link rel=\"canonical\" href=\"https:\/\/yar.deutschetage.ru\/ekaterina-kharotonowa-rpk\/\" \/>\n<meta property=\"og:locale\" content=\"de_DE\" \/>\n<meta property=\"og:type\" content=\"article\" \/>\n<meta property=\"og:title\" content=\"Ekaterina Kharitonowa, RPK - Deutsche Tage in der Region Jaroslawl\" \/>\n<meta property=\"og:url\" content=\"https:\/\/yar.deutschetage.ru\/ekaterina-kharotonowa-rpk\/\" \/>\n<meta property=\"og:site_name\" content=\"Deutsche Tage in der Region Jaroslawl\" \/>\n<meta property=\"article:publisher\" content=\"https:\/\/www.facebook.com\/groups\/druzjagermanii\" \/>\n<meta property=\"article:published_time\" content=\"2023-10-28T11:15:46+00:00\" \/>\n<meta property=\"article:modified_time\" content=\"2023-11-13T10:21:48+00:00\" \/>\n<meta property=\"og:image\" content=\"https:\/\/yar.deutschetage.ru\/wp-content\/uploads\/2023\/10\/snimok-ekrana-2023-10-28-v-14.11.15-e1698492075408.png\" \/>\n\t<meta property=\"og:image:width\" content=\"813\" \/>\n\t<meta property=\"og:image:height\" content=\"573\" \/>\n<meta name=\"twitter:card\" content=\"summary_large_image\" \/>\n<script type=\"application\/ld+json\" class=\"yoast-schema-graph\">{\"@context\":\"https:\/\/schema.org\",\"@graph\":[{\"@type\":\"WebSite\",\"@id\":\"https:\/\/yar.deutschetage.ru\/de\/#website\",\"url\":\"https:\/\/yar.deutschetage.ru\/de\/\",\"name\":\"Deutsche Tage in der Region Jaroslawl\",\"description\":\"Wissenschaftliche Fantastik oder fantastische Wissenschaft\",\"potentialAction\":[{\"@type\":\"SearchAction\",\"target\":\"https:\/\/yar.deutschetage.ru\/de\/?s={search_term_string}\",\"query-input\":\"required name=search_term_string\"}],\"inLanguage\":\"de-DE\"},{\"@type\":\"ImageObject\",\"@id\":\"https:\/\/yar.deutschetage.ru\/ekaterina-kharotonowa-rpk\/#primaryimage\",\"inLanguage\":\"de-DE\",\"url\":\"https:\/\/yar.deutschetage.ru\/wp-content\/uploads\/2023\/10\/snimok-ekrana-2023-10-28-v-14.11.15-e1698492075408.png\",\"width\":813,\"height\":573},{\"@type\":\"WebPage\",\"@id\":\"https:\/\/yar.deutschetage.ru\/ekaterina-kharotonowa-rpk\/#webpage\",\"url\":\"https:\/\/yar.deutschetage.ru\/ekaterina-kharotonowa-rpk\/\",\"name\":\"Ekaterina Kharitonowa, RPK - Deutsche Tage in der Region Jaroslawl\",\"isPartOf\":{\"@id\":\"https:\/\/yar.deutschetage.ru\/de\/#website\"},\"primaryImageOfPage\":{\"@id\":\"https:\/\/yar.deutschetage.ru\/ekaterina-kharotonowa-rpk\/#primaryimage\"},\"datePublished\":\"2023-10-28T11:15:46+00:00\",\"dateModified\":\"2023-11-13T10:21:48+00:00\",\"author\":{\"@id\":\"https:\/\/yar.deutschetage.ru\/de\/#\/schema\/person\/4f39fe90cebbcc93ada07890317ab455\"},\"breadcrumb\":{\"@id\":\"https:\/\/yar.deutschetage.ru\/ekaterina-kharotonowa-rpk\/#breadcrumb\"},\"inLanguage\":\"de-DE\",\"potentialAction\":[{\"@type\":\"ReadAction\",\"target\":[\"https:\/\/yar.deutschetage.ru\/ekaterina-kharotonowa-rpk\/\"]}]},{\"@type\":\"BreadcrumbList\",\"@id\":\"https:\/\/yar.deutschetage.ru\/ekaterina-kharotonowa-rpk\/#breadcrumb\",\"itemListElement\":[{\"@type\":\"ListItem\",\"position\":1,\"item\":{\"@type\":\"WebPage\",\"@id\":\"https:\/\/yar.deutschetage.ru\/\",\"url\":\"https:\/\/yar.deutschetage.ru\/\",\"name\":\"\\u0413\\u043b\\u0430\\u0432\\u043d\\u0430\\u044f\"}},{\"@type\":\"ListItem\",\"position\":2,\"item\":{\"@type\":\"WebPage\",\"@id\":\"https:\/\/yar.deutschetage.ru\/ekaterina-kharotonowa-rpk\/\",\"url\":\"https:\/\/yar.deutschetage.ru\/ekaterina-kharotonowa-rpk\/\",\"name\":\"\\u0415\\u043a\\u0430\\u0442\\u0435\\u0440\\u0438\\u043d\\u0430 \\u0425\\u0430\\u0440\\u0438\\u0442\\u043e\\u043d\\u043e\\u0432\\u0430, \\u0420\\u041f\\u041a\"}}]},{\"@type\":\"Person\",\"@id\":\"https:\/\/yar.deutschetage.ru\/de\/#\/schema\/person\/4f39fe90cebbcc93ada07890317ab455\",\"name\":\"\\u0412\\u0430\\u043b\\u0435\\u043d\\u0442\\u0438\\u043d\\u0430\",\"image\":{\"@type\":\"ImageObject\",\"@id\":\"https:\/\/yar.deutschetage.ru\/de\/#personlogo\",\"inLanguage\":\"de-DE\",\"url\":\"https:\/\/secure.gravatar.com\/avatar\/1fe39c6a447b1a4ad661671d48304a9e?s=96&d=mm&r=g\",\"caption\":\"\\u0412\\u0430\\u043b\\u0435\\u043d\\u0442\\u0438\\u043d\\u0430\"}}]}<\/script>\n<!-- \/ Yoast SEO plugin. -->","_links":{"self":[{"href":"https:\/\/yar.deutschetage.ru\/de\/wp-json\/wp\/v2\/posts\/3662"}],"collection":[{"href":"https:\/\/yar.deutschetage.ru\/de\/wp-json\/wp\/v2\/posts"}],"about":[{"href":"https:\/\/yar.deutschetage.ru\/de\/wp-json\/wp\/v2\/types\/post"}],"author":[{"embeddable":true,"href":"https:\/\/yar.deutschetage.ru\/de\/wp-json\/wp\/v2\/users\/2"}],"replies":[{"embeddable":true,"href":"https:\/\/yar.deutschetage.ru\/de\/wp-json\/wp\/v2\/comments?post=3662"}],"version-history":[{"count":4,"href":"https:\/\/yar.deutschetage.ru\/de\/wp-json\/wp\/v2\/posts\/3662\/revisions"}],"predecessor-version":[{"id":3669,"href":"https:\/\/yar.deutschetage.ru\/de\/wp-json\/wp\/v2\/posts\/3662\/revisions\/3669"}],"wp:featuredmedia":[{"embeddable":true,"href":"https:\/\/yar.deutschetage.ru\/de\/wp-json\/wp\/v2\/media\/3665"}],"wp:attachment":[{"href":"https:\/\/yar.deutschetage.ru\/de\/wp-json\/wp\/v2\/media?parent=3662"}],"wp:term":[{"taxonomy":"category","embeddable":true,"href":"https:\/\/yar.deutschetage.ru\/de\/wp-json\/wp\/v2\/categories?post=3662"},{"taxonomy":"post_tag","embeddable":true,"href":"https:\/\/yar.deutschetage.ru\/de\/wp-json\/wp\/v2\/tags?post=3662"}],"curies":[{"name":"wp","href":"https:\/\/api.w.org\/{rel}","templated":true}]}}