{"id":3670,"date":"2023-10-29T16:59:55","date_gmt":"2023-10-29T16:59:55","guid":{"rendered":"https:\/\/yar.deutschetage.ru\/?p=3670"},"modified":"2023-11-13T10:21:26","modified_gmt":"2023-11-13T10:21:26","slug":"sofja-lobanowa-ypek","status":"publish","type":"post","link":"https:\/\/yar.deutschetage.ru\/de\/sofja-lobanowa-ypek\/","title":{"rendered":"Sofja Lobanowa, YPEK"},"content":{"rendered":"\n<p><strong><span class=\"has-inline-color has-vivid-red-color\">LUFTSCHIFF &#8222;GRAF ZEPPELIN&#8220;<\/span><\/strong><\/p>\n\n\n\n<figure class=\"wp-block-image size-large\"><img loading=\"lazy\" width=\"623\" height=\"423\" src=\"https:\/\/yar.deutschetage.ru\/wp-content\/uploads\/2023\/10\/lobanowa-e1698598871851.png\" alt=\"\" class=\"wp-image-3671\" srcset=\"https:\/\/yar.deutschetage.ru\/wp-content\/uploads\/2023\/10\/lobanowa-e1698598871851.png 623w, https:\/\/yar.deutschetage.ru\/wp-content\/uploads\/2023\/10\/lobanowa-e1698598871851-300x204.png 300w\" sizes=\"(max-width: 623px) 100vw, 623px\" \/><\/figure>\n\n\n\n<p>Ich habe mich f\u00fcr das Thema &#8222;Wie das Luftschiff &#8211; Dirijabl &#8211; entstanden ist&#8220; entschieden, weil es mich am meisten interessierte.<br>Vor 90 Jahren begann die Weltumrundung des riesigen deutschen Luftschiffes LZ 127 \u00abGraf Zeppelin\u00bb. Der 33.000 km lange Flug wurde in 21 Tagen durchgef\u00fchrt. Das Luftfahrzeug hatte eine L\u00e4nge von 237 m und einen Durchmesser von bis zu 30,5 m. Es wurde mit f\u00fcnf Motoren mit jeweils 530 PS ausgestattet, die mit einem speziell entwickelten Gas betrieben wurden.<\/p>\n\n\n\n<p>Der f\u00fchrende US-Zeitungsverleger William Randolph Hurst hat zugestimmt, die Welt zu prosponieren. Es gelang ihm, nur einen Teil der Kosten zu schlie\u00dfen. Der Rest wurde durch die Zustellung der Post in jene St\u00e4dte kompensiert, in denen Graf Zeppelin die geplanten Anpflanzungen vorgenommen hatte.<br>Das Luftschiff wurde am 8. August 1929 auf einer Basis in Lakehurst in der N\u00e4he von New York \u00aban den Start gebracht\u00bb. Neben den Teammitgliedern waren 18 Passagiere an Bord. Unter ihnen befand sich die Journalistin Grace Drummond-Hayes, die damit die erste Frau wurde, die eine Weltreise unternahm. Es gab sowohl einen Filmchronisten als auch einen Forscher in der Gruppe. Die US-Regierung hat zwei Offiziere, die als offizielle Beobachter geflogen waren, an den Flug delegiert. 55,5 Stunden hat der \u00abGraf Zeppelin\u00bb gebraucht, um den Atlantik r\u00fcckw\u00e4rts zu fliegen. Die erste Landung zum Tanken erfolgte in Friedrichshafen.<\/p>\n\n\n\n<p>Als n\u00e4chstes kam ein langer Weg durch Osteuropa und die Sowjetunion nach Tokio. Auf diese Strecke ging das Luftschiff nach einer kleinen Pause am 15. August. Dann kam es zu einem schweren Zwischenfall. Die sowjetischen Beh\u00f6rden haben das Graf-Zeppelin-Team per Funk kontaktiert und gebeten, \u00fcber Moskau zu fliegen.&nbsp;<\/p>\n","protected":false},"excerpt":{"rendered":"<p>LUFTSCHIFF &#8222;GRAF ZEPPELIN&#8220; Ich habe mich f\u00fcr das Thema &#8222;Wie das Luftschiff &#8211; Dirijabl &#8211; entstanden ist&#8220; entschieden, weil es mich am meisten interessierte.Vor 90 Jahren begann die Weltumrundung des riesigen deutschen Luftschiffes LZ 127 \u00abGraf Zeppelin\u00bb. Der 33.000 km lange Flug wurde in 21 Tagen durchgef\u00fchrt. Das Luftfahrzeug hatte eine L\u00e4nge von 237 m [&hellip;]<\/p>\n","protected":false},"author":2,"featured_media":3671,"comment_status":"closed","ping_status":"open","sticky":false,"template":"","format":"standard","meta":[],"categories":[24],"tags":[],"yoast_head":"<!-- This site is optimized with the Yoast SEO plugin v14.9 - https:\/\/yoast.com\/wordpress\/plugins\/seo\/ -->\n<title>Sofja Lobanowa, YPEK - Deutsche Tage in der Region Jaroslawl<\/title>\n<meta name=\"robots\" content=\"index, follow, max-snippet:-1, max-image-preview:large, max-video-preview:-1\" \/>\n<link rel=\"canonical\" href=\"https:\/\/yar.deutschetage.ru\/sofja-lobanowa-ypek\/\" \/>\n<meta property=\"og:locale\" content=\"de_DE\" \/>\n<meta property=\"og:type\" content=\"article\" \/>\n<meta property=\"og:title\" content=\"Sofja Lobanowa, YPEK - Deutsche Tage in der Region Jaroslawl\" \/>\n<meta property=\"og:url\" content=\"https:\/\/yar.deutschetage.ru\/sofja-lobanowa-ypek\/\" \/>\n<meta property=\"og:site_name\" content=\"Deutsche Tage in der Region Jaroslawl\" \/>\n<meta property=\"article:publisher\" content=\"https:\/\/www.facebook.com\/groups\/druzjagermanii\" \/>\n<meta property=\"article:published_time\" content=\"2023-10-29T16:59:55+00:00\" \/>\n<meta property=\"article:modified_time\" content=\"2023-11-13T10:21:26+00:00\" \/>\n<meta property=\"og:image\" content=\"https:\/\/yar.deutschetage.ru\/wp-content\/uploads\/2023\/10\/lobanowa-e1698598871851.png\" \/>\n\t<meta property=\"og:image:width\" content=\"623\" \/>\n\t<meta property=\"og:image:height\" content=\"423\" \/>\n<meta name=\"twitter:card\" content=\"summary_large_image\" \/>\n<script type=\"application\/ld+json\" class=\"yoast-schema-graph\">{\"@context\":\"https:\/\/schema.org\",\"@graph\":[{\"@type\":\"WebSite\",\"@id\":\"https:\/\/yar.deutschetage.ru\/de\/#website\",\"url\":\"https:\/\/yar.deutschetage.ru\/de\/\",\"name\":\"Deutsche Tage in der Region Jaroslawl\",\"description\":\"Wissenschaftliche Fantastik oder fantastische Wissenschaft\",\"potentialAction\":[{\"@type\":\"SearchAction\",\"target\":\"https:\/\/yar.deutschetage.ru\/de\/?s={search_term_string}\",\"query-input\":\"required name=search_term_string\"}],\"inLanguage\":\"de-DE\"},{\"@type\":\"ImageObject\",\"@id\":\"https:\/\/yar.deutschetage.ru\/sofja-lobanowa-ypek\/#primaryimage\",\"inLanguage\":\"de-DE\",\"url\":\"https:\/\/yar.deutschetage.ru\/wp-content\/uploads\/2023\/10\/lobanowa-e1698598871851.png\",\"width\":623,\"height\":423},{\"@type\":\"WebPage\",\"@id\":\"https:\/\/yar.deutschetage.ru\/sofja-lobanowa-ypek\/#webpage\",\"url\":\"https:\/\/yar.deutschetage.ru\/sofja-lobanowa-ypek\/\",\"name\":\"Sofja Lobanowa, YPEK - Deutsche Tage in der Region Jaroslawl\",\"isPartOf\":{\"@id\":\"https:\/\/yar.deutschetage.ru\/de\/#website\"},\"primaryImageOfPage\":{\"@id\":\"https:\/\/yar.deutschetage.ru\/sofja-lobanowa-ypek\/#primaryimage\"},\"datePublished\":\"2023-10-29T16:59:55+00:00\",\"dateModified\":\"2023-11-13T10:21:26+00:00\",\"author\":{\"@id\":\"https:\/\/yar.deutschetage.ru\/de\/#\/schema\/person\/4f39fe90cebbcc93ada07890317ab455\"},\"breadcrumb\":{\"@id\":\"https:\/\/yar.deutschetage.ru\/sofja-lobanowa-ypek\/#breadcrumb\"},\"inLanguage\":\"de-DE\",\"potentialAction\":[{\"@type\":\"ReadAction\",\"target\":[\"https:\/\/yar.deutschetage.ru\/sofja-lobanowa-ypek\/\"]}]},{\"@type\":\"BreadcrumbList\",\"@id\":\"https:\/\/yar.deutschetage.ru\/sofja-lobanowa-ypek\/#breadcrumb\",\"itemListElement\":[{\"@type\":\"ListItem\",\"position\":1,\"item\":{\"@type\":\"WebPage\",\"@id\":\"https:\/\/yar.deutschetage.ru\/\",\"url\":\"https:\/\/yar.deutschetage.ru\/\",\"name\":\"\\u0413\\u043b\\u0430\\u0432\\u043d\\u0430\\u044f\"}},{\"@type\":\"ListItem\",\"position\":2,\"item\":{\"@type\":\"WebPage\",\"@id\":\"https:\/\/yar.deutschetage.ru\/sofja-lobanowa-ypek\/\",\"url\":\"https:\/\/yar.deutschetage.ru\/sofja-lobanowa-ypek\/\",\"name\":\"\\u0421\\u043e\\u0444\\u044c\\u044f \\u041b\\u043e\\u0431\\u0430\\u043d\\u043e\\u0432\\u0430, \\u042f\\u041f\\u042d\\u041a\"}}]},{\"@type\":\"Person\",\"@id\":\"https:\/\/yar.deutschetage.ru\/de\/#\/schema\/person\/4f39fe90cebbcc93ada07890317ab455\",\"name\":\"\\u0412\\u0430\\u043b\\u0435\\u043d\\u0442\\u0438\\u043d\\u0430\",\"image\":{\"@type\":\"ImageObject\",\"@id\":\"https:\/\/yar.deutschetage.ru\/de\/#personlogo\",\"inLanguage\":\"de-DE\",\"url\":\"https:\/\/secure.gravatar.com\/avatar\/1fe39c6a447b1a4ad661671d48304a9e?s=96&d=mm&r=g\",\"caption\":\"\\u0412\\u0430\\u043b\\u0435\\u043d\\u0442\\u0438\\u043d\\u0430\"}}]}<\/script>\n<!-- \/ Yoast SEO plugin. -->","_links":{"self":[{"href":"https:\/\/yar.deutschetage.ru\/de\/wp-json\/wp\/v2\/posts\/3670"}],"collection":[{"href":"https:\/\/yar.deutschetage.ru\/de\/wp-json\/wp\/v2\/posts"}],"about":[{"href":"https:\/\/yar.deutschetage.ru\/de\/wp-json\/wp\/v2\/types\/post"}],"author":[{"embeddable":true,"href":"https:\/\/yar.deutschetage.ru\/de\/wp-json\/wp\/v2\/users\/2"}],"replies":[{"embeddable":true,"href":"https:\/\/yar.deutschetage.ru\/de\/wp-json\/wp\/v2\/comments?post=3670"}],"version-history":[{"count":3,"href":"https:\/\/yar.deutschetage.ru\/de\/wp-json\/wp\/v2\/posts\/3670\/revisions"}],"predecessor-version":[{"id":3674,"href":"https:\/\/yar.deutschetage.ru\/de\/wp-json\/wp\/v2\/posts\/3670\/revisions\/3674"}],"wp:featuredmedia":[{"embeddable":true,"href":"https:\/\/yar.deutschetage.ru\/de\/wp-json\/wp\/v2\/media\/3671"}],"wp:attachment":[{"href":"https:\/\/yar.deutschetage.ru\/de\/wp-json\/wp\/v2\/media?parent=3670"}],"wp:term":[{"taxonomy":"category","embeddable":true,"href":"https:\/\/yar.deutschetage.ru\/de\/wp-json\/wp\/v2\/categories?post=3670"},{"taxonomy":"post_tag","embeddable":true,"href":"https:\/\/yar.deutschetage.ru\/de\/wp-json\/wp\/v2\/tags?post=3670"}],"curies":[{"name":"wp","href":"https:\/\/api.w.org\/{rel}","templated":true}]}}