{"id":3683,"date":"2023-10-29T17:38:29","date_gmt":"2023-10-29T17:38:29","guid":{"rendered":"https:\/\/yar.deutschetage.ru\/?p=3683"},"modified":"2023-11-13T10:20:52","modified_gmt":"2023-11-13T10:20:52","slug":"alina-pluschtschewa-ypek","status":"publish","type":"post","link":"https:\/\/yar.deutschetage.ru\/de\/alina-pluschtschewa-ypek\/","title":{"rendered":"Alina Pluschtschewa, YPEK"},"content":{"rendered":"\n<p><strong><span class=\"has-inline-color has-vivid-red-color\">DURCHBRUCH IN DER KRANKHEITSDIAGNOSE<\/span><\/strong><\/p>\n\n\n\n<figure class=\"wp-block-image size-large\"><img loading=\"lazy\" width=\"991\" height=\"478\" src=\"https:\/\/yar.deutschetage.ru\/wp-content\/uploads\/2023\/10\/snimok-ekrana-2023-10-29-v-20.36.25-1.png\" alt=\"\" class=\"wp-image-3687\" srcset=\"https:\/\/yar.deutschetage.ru\/wp-content\/uploads\/2023\/10\/snimok-ekrana-2023-10-29-v-20.36.25-1.png 991w, https:\/\/yar.deutschetage.ru\/wp-content\/uploads\/2023\/10\/snimok-ekrana-2023-10-29-v-20.36.25-1-300x145.png 300w, https:\/\/yar.deutschetage.ru\/wp-content\/uploads\/2023\/10\/snimok-ekrana-2023-10-29-v-20.36.25-1-768x370.png 768w\" sizes=\"(max-width: 991px) 100vw, 991px\" \/><\/figure>\n\n\n\n<p>Ein R\u00f6ntgenger\u00e4t oder einfach \u00abR\u00f6ntgen\u00bb ist f\u00fcr einen modernen Patienten v\u00f6llig allt\u00e4glich, und dies trotz der Tatsache, dass die Geschichte ihrer Entstehung und Entwicklung im Wesentlichen in ein Jahrhundert passt.<br>Der deutsche Wissenschaftler Wilhelm R\u00f6ntgen war der Mann, der die Entwicklung solcher Ger\u00e4te sowie den Namen f\u00fcr Ger\u00e4te und spezielle Strahlung begann. Spezielle Strahlen, die sp\u00e4ter nach ihrem Entdecker benannt wurden, wurden 1895 durch R\u00f6ntgen entdeckt.<\/p>\n\n\n\n<p><br>Am 8. November 1895 l\u00f6schte Wilhelm R\u00f6ntgen, als er das Labor verlie\u00df, das Licht aus, bemerkte aber, dass ein Glas irgendwie leuchtete. Er erinnerte sich, dass er vergessen hatte, das Vakuumrohr auszuschalten. Tats\u00e4chlich h\u00f6rte das Leuchten auf, nachdem das Rohr, das sich in einem anderen Teil des Raumes befand, abgeschaltet wurde. Der Physiker begann dieses Ph\u00e4nomen zu untersuchen, indem er annahm, dass das Leuchten durch einen Strahl verursacht wurde. Er stellte ihm verschiedene Gegenst\u00e4nde in den Weg, durch sie ging die Strahlung ungehindert durch. Als seine Hand versehentlich unter die Strahlung geriet, stellte ein R\u00f6ntgenbild fest, dass er seine Hand durch und durch sah, dh er sah Knochen. Es folgten weitere Experimente mit X-Strahlen. Schlie\u00dflich ver\u00f6ffentlichte Wilhelm R\u00f6ntgen eine gro\u00dfe wissenschaftliche Arbeit, die unter der wissenschaftlichen Gemeinschaft von Physikern und Medizinern eine erstaunliche Begeisterung hervorrief.F\u00fcr seine Entdeckung wurde R\u00f6ntgen 1901 mit dem Nobelpreis f\u00fcr Physik ausgezeichnet. Diese Entdeckung war im Wesentlichen ein enormer Ansto\u00df f\u00fcr die Entwicklung der Medizin, denn fr\u00fcher hatten \u00c4rzte keine andere M\u00f6glichkeit, ohne einen chirurgischen Eingriff in den Menschen hineinzuschauen. Dar\u00fcber hinaus dienten die R\u00f6ntgenuntersuchungen als Grundlage f\u00fcr einen solchen Zweig in der Wissenschaft wie der Radiologie, der sich mit der Diagnose von Krankheiten durch R\u00f6ntgenbilder befasst.<\/p>\n\n\n\n<p><br>R\u00f6ntgenger\u00e4te erm\u00f6glichten es, Krebs und Tuberkulose in den fr\u00fchen Stadien zu diagnostizieren. R\u00f6ntgenstrahlen wurden auch f\u00fcr medizinische Zwecke verwendet, die R\u00f6ntgentherapie begann sich zu entwickeln. Allerdings gab es in der ersten Periode zahlreiche F\u00e4lle von ungerechtfertigter und fehlerhafter Anwendung der neumodischen Methode, die oft zu sehr bedauerlichen Ergebnissen f\u00fchrte.<br><\/p>\n","protected":false},"excerpt":{"rendered":"<p>DURCHBRUCH IN DER KRANKHEITSDIAGNOSE Ein R\u00f6ntgenger\u00e4t oder einfach \u00abR\u00f6ntgen\u00bb ist f\u00fcr einen modernen Patienten v\u00f6llig allt\u00e4glich, und dies trotz der Tatsache, dass die Geschichte ihrer Entstehung und Entwicklung im Wesentlichen in ein Jahrhundert passt.Der deutsche Wissenschaftler Wilhelm R\u00f6ntgen war der Mann, der die Entwicklung solcher Ger\u00e4te sowie den Namen f\u00fcr Ger\u00e4te und spezielle Strahlung begann. [&hellip;]<\/p>\n","protected":false},"author":2,"featured_media":3684,"comment_status":"closed","ping_status":"open","sticky":false,"template":"","format":"standard","meta":[],"categories":[24],"tags":[],"yoast_head":"<!-- This site is optimized with the Yoast SEO plugin v14.9 - https:\/\/yoast.com\/wordpress\/plugins\/seo\/ -->\n<title>Alina Pluschtschewa, YPEK - Deutsche Tage in der Region Jaroslawl<\/title>\n<meta name=\"robots\" content=\"index, follow, max-snippet:-1, max-image-preview:large, max-video-preview:-1\" \/>\n<link rel=\"canonical\" href=\"https:\/\/yar.deutschetage.ru\/alina-pluschtschewa-ypek\/\" \/>\n<meta property=\"og:locale\" content=\"de_DE\" \/>\n<meta property=\"og:type\" content=\"article\" \/>\n<meta property=\"og:title\" content=\"Alina Pluschtschewa, YPEK - Deutsche Tage in der Region Jaroslawl\" \/>\n<meta property=\"og:url\" content=\"https:\/\/yar.deutschetage.ru\/alina-pluschtschewa-ypek\/\" \/>\n<meta property=\"og:site_name\" content=\"Deutsche Tage in der Region Jaroslawl\" \/>\n<meta property=\"article:publisher\" content=\"https:\/\/www.facebook.com\/groups\/druzjagermanii\" \/>\n<meta property=\"article:published_time\" content=\"2023-10-29T17:38:29+00:00\" \/>\n<meta property=\"article:modified_time\" content=\"2023-11-13T10:20:52+00:00\" \/>\n<meta property=\"og:image\" content=\"https:\/\/yar.deutschetage.ru\/wp-content\/uploads\/2023\/10\/snimok-ekrana-2023-10-29-v-20.36.25-e1698601192166.png\" \/>\n\t<meta property=\"og:image:width\" content=\"718\" \/>\n\t<meta property=\"og:image:height\" content=\"478\" \/>\n<meta name=\"twitter:card\" content=\"summary_large_image\" \/>\n<script type=\"application\/ld+json\" class=\"yoast-schema-graph\">{\"@context\":\"https:\/\/schema.org\",\"@graph\":[{\"@type\":\"WebSite\",\"@id\":\"https:\/\/yar.deutschetage.ru\/de\/#website\",\"url\":\"https:\/\/yar.deutschetage.ru\/de\/\",\"name\":\"Deutsche Tage in der Region Jaroslawl\",\"description\":\"Wissenschaftliche Fantastik oder fantastische Wissenschaft\",\"potentialAction\":[{\"@type\":\"SearchAction\",\"target\":\"https:\/\/yar.deutschetage.ru\/de\/?s={search_term_string}\",\"query-input\":\"required name=search_term_string\"}],\"inLanguage\":\"de-DE\"},{\"@type\":\"ImageObject\",\"@id\":\"https:\/\/yar.deutschetage.ru\/alina-pluschtschewa-ypek\/#primaryimage\",\"inLanguage\":\"de-DE\",\"url\":\"https:\/\/yar.deutschetage.ru\/wp-content\/uploads\/2023\/10\/snimok-ekrana-2023-10-29-v-20.36.25-e1698601192166.png\",\"width\":718,\"height\":478},{\"@type\":\"WebPage\",\"@id\":\"https:\/\/yar.deutschetage.ru\/alina-pluschtschewa-ypek\/#webpage\",\"url\":\"https:\/\/yar.deutschetage.ru\/alina-pluschtschewa-ypek\/\",\"name\":\"Alina Pluschtschewa, YPEK - Deutsche Tage in der Region Jaroslawl\",\"isPartOf\":{\"@id\":\"https:\/\/yar.deutschetage.ru\/de\/#website\"},\"primaryImageOfPage\":{\"@id\":\"https:\/\/yar.deutschetage.ru\/alina-pluschtschewa-ypek\/#primaryimage\"},\"datePublished\":\"2023-10-29T17:38:29+00:00\",\"dateModified\":\"2023-11-13T10:20:52+00:00\",\"author\":{\"@id\":\"https:\/\/yar.deutschetage.ru\/de\/#\/schema\/person\/4f39fe90cebbcc93ada07890317ab455\"},\"breadcrumb\":{\"@id\":\"https:\/\/yar.deutschetage.ru\/alina-pluschtschewa-ypek\/#breadcrumb\"},\"inLanguage\":\"de-DE\",\"potentialAction\":[{\"@type\":\"ReadAction\",\"target\":[\"https:\/\/yar.deutschetage.ru\/alina-pluschtschewa-ypek\/\"]}]},{\"@type\":\"BreadcrumbList\",\"@id\":\"https:\/\/yar.deutschetage.ru\/alina-pluschtschewa-ypek\/#breadcrumb\",\"itemListElement\":[{\"@type\":\"ListItem\",\"position\":1,\"item\":{\"@type\":\"WebPage\",\"@id\":\"https:\/\/yar.deutschetage.ru\/\",\"url\":\"https:\/\/yar.deutschetage.ru\/\",\"name\":\"\\u0413\\u043b\\u0430\\u0432\\u043d\\u0430\\u044f\"}},{\"@type\":\"ListItem\",\"position\":2,\"item\":{\"@type\":\"WebPage\",\"@id\":\"https:\/\/yar.deutschetage.ru\/alina-pluschtschewa-ypek\/\",\"url\":\"https:\/\/yar.deutschetage.ru\/alina-pluschtschewa-ypek\/\",\"name\":\"\\u0410\\u043b\\u0438\\u043d\\u0430 \\u041f\\u043b\\u044e\\u0449\\u0435\\u0432\\u0430, \\u042f\\u041f\\u042d\\u041a\"}}]},{\"@type\":\"Person\",\"@id\":\"https:\/\/yar.deutschetage.ru\/de\/#\/schema\/person\/4f39fe90cebbcc93ada07890317ab455\",\"name\":\"\\u0412\\u0430\\u043b\\u0435\\u043d\\u0442\\u0438\\u043d\\u0430\",\"image\":{\"@type\":\"ImageObject\",\"@id\":\"https:\/\/yar.deutschetage.ru\/de\/#personlogo\",\"inLanguage\":\"de-DE\",\"url\":\"https:\/\/secure.gravatar.com\/avatar\/1fe39c6a447b1a4ad661671d48304a9e?s=96&d=mm&r=g\",\"caption\":\"\\u0412\\u0430\\u043b\\u0435\\u043d\\u0442\\u0438\\u043d\\u0430\"}}]}<\/script>\n<!-- \/ Yoast SEO plugin. -->","_links":{"self":[{"href":"https:\/\/yar.deutschetage.ru\/de\/wp-json\/wp\/v2\/posts\/3683"}],"collection":[{"href":"https:\/\/yar.deutschetage.ru\/de\/wp-json\/wp\/v2\/posts"}],"about":[{"href":"https:\/\/yar.deutschetage.ru\/de\/wp-json\/wp\/v2\/types\/post"}],"author":[{"embeddable":true,"href":"https:\/\/yar.deutschetage.ru\/de\/wp-json\/wp\/v2\/users\/2"}],"replies":[{"embeddable":true,"href":"https:\/\/yar.deutschetage.ru\/de\/wp-json\/wp\/v2\/comments?post=3683"}],"version-history":[{"count":3,"href":"https:\/\/yar.deutschetage.ru\/de\/wp-json\/wp\/v2\/posts\/3683\/revisions"}],"predecessor-version":[{"id":3688,"href":"https:\/\/yar.deutschetage.ru\/de\/wp-json\/wp\/v2\/posts\/3683\/revisions\/3688"}],"wp:featuredmedia":[{"embeddable":true,"href":"https:\/\/yar.deutschetage.ru\/de\/wp-json\/wp\/v2\/media\/3684"}],"wp:attachment":[{"href":"https:\/\/yar.deutschetage.ru\/de\/wp-json\/wp\/v2\/media?parent=3683"}],"wp:term":[{"taxonomy":"category","embeddable":true,"href":"https:\/\/yar.deutschetage.ru\/de\/wp-json\/wp\/v2\/categories?post=3683"},{"taxonomy":"post_tag","embeddable":true,"href":"https:\/\/yar.deutschetage.ru\/de\/wp-json\/wp\/v2\/tags?post=3683"}],"curies":[{"name":"wp","href":"https:\/\/api.w.org\/{rel}","templated":true}]}}