{"id":3729,"date":"2023-11-03T11:53:18","date_gmt":"2023-11-03T11:53:18","guid":{"rendered":"https:\/\/yar.deutschetage.ru\/?p=3729"},"modified":"2023-11-13T10:18:46","modified_gmt":"2023-11-13T10:18:46","slug":"viktorija-moskalenko-schule-n43","status":"publish","type":"post","link":"https:\/\/yar.deutschetage.ru\/de\/viktorija-moskalenko-schule-n43\/","title":{"rendered":"Viktorija Moskalenko, Schule Nr.43"},"content":{"rendered":"\n<p><strong><span class=\"has-inline-color has-vivid-red-color\">DIE ENTSTEHUNGSGESCHICHTE DER KUCKUCKSUHR <\/span><\/strong><\/p>\n\n\n\n<figure class=\"wp-block-image size-large\"><img loading=\"lazy\" width=\"1000\" height=\"1000\" src=\"https:\/\/yar.deutschetage.ru\/wp-content\/uploads\/2023\/11\/moskalenko-chasy.jpg\" alt=\"\" class=\"wp-image-3730\" srcset=\"https:\/\/yar.deutschetage.ru\/wp-content\/uploads\/2023\/11\/moskalenko-chasy.jpg 1000w, https:\/\/yar.deutschetage.ru\/wp-content\/uploads\/2023\/11\/moskalenko-chasy-300x300.jpg 300w, https:\/\/yar.deutschetage.ru\/wp-content\/uploads\/2023\/11\/moskalenko-chasy-150x150.jpg 150w, https:\/\/yar.deutschetage.ru\/wp-content\/uploads\/2023\/11\/moskalenko-chasy-768x768.jpg 768w\" sizes=\"(max-width: 1000px) 100vw, 1000px\" \/><\/figure>\n\n\n\n<p>Vor nicht allzu langer Zeit besuchte ich meine Gro\u00dfmutter und eine alte Kuckucksuhr erregte meine Aufmerksamkeit. Mich interessierte die Entstehungsgeschichte dieser Uhr. Es stellt sich heraus, dass die erste Kuckucksuhr in Deutschland im Schwarzwald hergestellt wurde. Dies ist eine deutsche Region, die f\u00fcr die Produktion und Herstellung deutscher Kuckucksuhren bekannt ist. Bereits im Jahr 1690 entwickelte sich hier eine ganze Uhrenindustrie. Einige von ihnen waren mit beweglichen Figuren verziert: zum Beispiel T\u00e4nzerfiguren oder ein Bauer mit einer Kuh.<\/p>\n\n\n\n<p><br>Im Jahr 1738 fertigte Franz Ketterer aus dem Dorf Sch\u00f6nwald als erster Meister einen Kuckuck f\u00fcr seine Uhr. Zu dieser Zeit waren in St\u00e4dten wie Prag, Heilbronn, Bern und Stra\u00dfburg gro\u00dfe Turmuhren mit kr\u00e4hendem Hahn \u00fcblich. Vielleicht waren es sie, die Ketterer zur Entwicklung der Kuckucksuhr inspirierten. Eine Uhr mit einem kr\u00e4henden Kuckuck zu bauen war einfacher als eine Uhr mit einem kr\u00e4henden Hahn, erforderte aber dennoch bemerkenswerten Einfallsreichtum. Die Stimme des Kuckucks wurde auf die gleiche Weise wie jetzt nachgeahmt: indem Luft aus zwei Blaseb\u00e4lgen durch spezielle Pfeifen bewegt wurde. Eine \u00e4hnliche Technik wurde damals auch in Kirchenorgeln eingesetzt.<\/p>\n\n\n\n<p><br>So war Ketterer der erste, der eine Kuckucksuhr hinter einer kleinen, sich \u00f6ffnenden T\u00fcr erfand. Sie sind zu einem Symbol deutscher Uhrmacherkunst geworden. Neben der Kuckucksuhr wurden im Schwarzwald noch viele weitere Uhrentypen hergestellt, von kleinen Modellen mit Federwerk bis hin zu gro\u00dfen Stra\u00dfenuhren auf Stadtt\u00fcrmen.<\/p>\n\n\n\n<p><br>Jetzt kenne ich die Entstehungsgeschichte der Uhr meiner Gro\u00dfmutter und freue mich, diese Informationen mit Ihnen teilen zu k\u00f6nnen.<\/p>\n\n\n\n<p><\/p>\n","protected":false},"excerpt":{"rendered":"<p>DIE ENTSTEHUNGSGESCHICHTE DER KUCKUCKSUHR Vor nicht allzu langer Zeit besuchte ich meine Gro\u00dfmutter und eine alte Kuckucksuhr erregte meine Aufmerksamkeit. Mich interessierte die Entstehungsgeschichte dieser Uhr. Es stellt sich heraus, dass die erste Kuckucksuhr in Deutschland im Schwarzwald hergestellt wurde. Dies ist eine deutsche Region, die f\u00fcr die Produktion und Herstellung deutscher Kuckucksuhren bekannt ist. [&hellip;]<\/p>\n","protected":false},"author":2,"featured_media":3731,"comment_status":"closed","ping_status":"open","sticky":false,"template":"","format":"standard","meta":[],"categories":[24],"tags":[],"yoast_head":"<!-- This site is optimized with the Yoast SEO plugin v14.9 - https:\/\/yoast.com\/wordpress\/plugins\/seo\/ -->\n<title>Viktorija Moskalenko, Schule Nr.43 - Deutsche Tage in der Region Jaroslawl<\/title>\n<meta name=\"robots\" content=\"index, follow, max-snippet:-1, max-image-preview:large, max-video-preview:-1\" \/>\n<link rel=\"canonical\" href=\"https:\/\/yar.deutschetage.ru\/viktorija-moskalenko-schule-n43\/\" \/>\n<meta property=\"og:locale\" content=\"de_DE\" \/>\n<meta property=\"og:type\" content=\"article\" \/>\n<meta property=\"og:title\" content=\"Viktorija Moskalenko, Schule Nr.43 - Deutsche Tage in der Region Jaroslawl\" \/>\n<meta property=\"og:url\" content=\"https:\/\/yar.deutschetage.ru\/viktorija-moskalenko-schule-n43\/\" \/>\n<meta property=\"og:site_name\" content=\"Deutsche Tage in der Region Jaroslawl\" \/>\n<meta property=\"article:publisher\" content=\"https:\/\/www.facebook.com\/groups\/druzjagermanii\" \/>\n<meta property=\"article:published_time\" content=\"2023-11-03T11:53:18+00:00\" \/>\n<meta property=\"article:modified_time\" content=\"2023-11-13T10:18:46+00:00\" \/>\n<meta property=\"og:image\" content=\"https:\/\/yar.deutschetage.ru\/wp-content\/uploads\/2023\/11\/snimok-ekrana-2023-11-03-v-14.52.35.png\" \/>\n\t<meta property=\"og:image:width\" content=\"1666\" \/>\n\t<meta property=\"og:image:height\" content=\"1088\" \/>\n<meta name=\"twitter:card\" content=\"summary_large_image\" \/>\n<script type=\"application\/ld+json\" class=\"yoast-schema-graph\">{\"@context\":\"https:\/\/schema.org\",\"@graph\":[{\"@type\":\"WebSite\",\"@id\":\"https:\/\/yar.deutschetage.ru\/de\/#website\",\"url\":\"https:\/\/yar.deutschetage.ru\/de\/\",\"name\":\"Deutsche Tage in der Region Jaroslawl\",\"description\":\"Wissenschaftliche Fantastik oder fantastische Wissenschaft\",\"potentialAction\":[{\"@type\":\"SearchAction\",\"target\":\"https:\/\/yar.deutschetage.ru\/de\/?s={search_term_string}\",\"query-input\":\"required name=search_term_string\"}],\"inLanguage\":\"de-DE\"},{\"@type\":\"ImageObject\",\"@id\":\"https:\/\/yar.deutschetage.ru\/viktorija-moskalenko-schule-n43\/#primaryimage\",\"inLanguage\":\"de-DE\",\"url\":\"https:\/\/yar.deutschetage.ru\/wp-content\/uploads\/2023\/11\/snimok-ekrana-2023-11-03-v-14.52.35.png\",\"width\":1666,\"height\":1088},{\"@type\":\"WebPage\",\"@id\":\"https:\/\/yar.deutschetage.ru\/viktorija-moskalenko-schule-n43\/#webpage\",\"url\":\"https:\/\/yar.deutschetage.ru\/viktorija-moskalenko-schule-n43\/\",\"name\":\"Viktorija Moskalenko, Schule Nr.43 - Deutsche Tage in der Region Jaroslawl\",\"isPartOf\":{\"@id\":\"https:\/\/yar.deutschetage.ru\/de\/#website\"},\"primaryImageOfPage\":{\"@id\":\"https:\/\/yar.deutschetage.ru\/viktorija-moskalenko-schule-n43\/#primaryimage\"},\"datePublished\":\"2023-11-03T11:53:18+00:00\",\"dateModified\":\"2023-11-13T10:18:46+00:00\",\"author\":{\"@id\":\"https:\/\/yar.deutschetage.ru\/de\/#\/schema\/person\/4f39fe90cebbcc93ada07890317ab455\"},\"breadcrumb\":{\"@id\":\"https:\/\/yar.deutschetage.ru\/viktorija-moskalenko-schule-n43\/#breadcrumb\"},\"inLanguage\":\"de-DE\",\"potentialAction\":[{\"@type\":\"ReadAction\",\"target\":[\"https:\/\/yar.deutschetage.ru\/viktorija-moskalenko-schule-n43\/\"]}]},{\"@type\":\"BreadcrumbList\",\"@id\":\"https:\/\/yar.deutschetage.ru\/viktorija-moskalenko-schule-n43\/#breadcrumb\",\"itemListElement\":[{\"@type\":\"ListItem\",\"position\":1,\"item\":{\"@type\":\"WebPage\",\"@id\":\"https:\/\/yar.deutschetage.ru\/\",\"url\":\"https:\/\/yar.deutschetage.ru\/\",\"name\":\"\\u0413\\u043b\\u0430\\u0432\\u043d\\u0430\\u044f\"}},{\"@type\":\"ListItem\",\"position\":2,\"item\":{\"@type\":\"WebPage\",\"@id\":\"https:\/\/yar.deutschetage.ru\/viktorija-moskalenko-schule-n43\/\",\"url\":\"https:\/\/yar.deutschetage.ru\/viktorija-moskalenko-schule-n43\/\",\"name\":\"\\u0412\\u0438\\u043a\\u0442\\u043e\\u0440\\u0438\\u044f \\u041c\\u043e\\u0441\\u043a\\u0430\\u043b\\u0435\\u043d\\u043a\\u043e, \\u0448\\u043a\\u043e\\u043b\\u0430 43\"}}]},{\"@type\":\"Person\",\"@id\":\"https:\/\/yar.deutschetage.ru\/de\/#\/schema\/person\/4f39fe90cebbcc93ada07890317ab455\",\"name\":\"\\u0412\\u0430\\u043b\\u0435\\u043d\\u0442\\u0438\\u043d\\u0430\",\"image\":{\"@type\":\"ImageObject\",\"@id\":\"https:\/\/yar.deutschetage.ru\/de\/#personlogo\",\"inLanguage\":\"de-DE\",\"url\":\"https:\/\/secure.gravatar.com\/avatar\/1fe39c6a447b1a4ad661671d48304a9e?s=96&d=mm&r=g\",\"caption\":\"\\u0412\\u0430\\u043b\\u0435\\u043d\\u0442\\u0438\\u043d\\u0430\"}}]}<\/script>\n<!-- \/ Yoast SEO plugin. -->","_links":{"self":[{"href":"https:\/\/yar.deutschetage.ru\/de\/wp-json\/wp\/v2\/posts\/3729"}],"collection":[{"href":"https:\/\/yar.deutschetage.ru\/de\/wp-json\/wp\/v2\/posts"}],"about":[{"href":"https:\/\/yar.deutschetage.ru\/de\/wp-json\/wp\/v2\/types\/post"}],"author":[{"embeddable":true,"href":"https:\/\/yar.deutschetage.ru\/de\/wp-json\/wp\/v2\/users\/2"}],"replies":[{"embeddable":true,"href":"https:\/\/yar.deutschetage.ru\/de\/wp-json\/wp\/v2\/comments?post=3729"}],"version-history":[{"count":3,"href":"https:\/\/yar.deutschetage.ru\/de\/wp-json\/wp\/v2\/posts\/3729\/revisions"}],"predecessor-version":[{"id":3735,"href":"https:\/\/yar.deutschetage.ru\/de\/wp-json\/wp\/v2\/posts\/3729\/revisions\/3735"}],"wp:featuredmedia":[{"embeddable":true,"href":"https:\/\/yar.deutschetage.ru\/de\/wp-json\/wp\/v2\/media\/3731"}],"wp:attachment":[{"href":"https:\/\/yar.deutschetage.ru\/de\/wp-json\/wp\/v2\/media?parent=3729"}],"wp:term":[{"taxonomy":"category","embeddable":true,"href":"https:\/\/yar.deutschetage.ru\/de\/wp-json\/wp\/v2\/categories?post=3729"},{"taxonomy":"post_tag","embeddable":true,"href":"https:\/\/yar.deutschetage.ru\/de\/wp-json\/wp\/v2\/tags?post=3729"}],"curies":[{"name":"wp","href":"https:\/\/api.w.org\/{rel}","templated":true}]}}