{"id":3742,"date":"2023-11-03T12:47:31","date_gmt":"2023-11-03T12:47:31","guid":{"rendered":"https:\/\/yar.deutschetage.ru\/?p=3742"},"modified":"2023-11-13T10:18:11","modified_gmt":"2023-11-13T10:18:11","slug":"egor-tepluhin-bpk","status":"publish","type":"post","link":"https:\/\/yar.deutschetage.ru\/de\/egor-tepluhin-bpk\/","title":{"rendered":"Egor Teplukhin, BPK"},"content":{"rendered":"\n<p><strong><span class=\"has-inline-color has-vivid-red-color\">DER GROSSE ERFINDER DES TELEFONS<\/span><\/strong><\/p>\n\n\n\n<figure class=\"wp-block-image size-large\"><img loading=\"lazy\" width=\"1024\" height=\"653\" src=\"https:\/\/yar.deutschetage.ru\/wp-content\/uploads\/2023\/11\/tepluhin-egor-2-e1699015726598-1024x653.jpg\" alt=\"\" class=\"wp-image-3743\" srcset=\"https:\/\/yar.deutschetage.ru\/wp-content\/uploads\/2023\/11\/tepluhin-egor-2-e1699015726598-1024x653.jpg 1024w, https:\/\/yar.deutschetage.ru\/wp-content\/uploads\/2023\/11\/tepluhin-egor-2-e1699015726598-300x191.jpg 300w, https:\/\/yar.deutschetage.ru\/wp-content\/uploads\/2023\/11\/tepluhin-egor-2-e1699015726598-768x489.jpg 768w, https:\/\/yar.deutschetage.ru\/wp-content\/uploads\/2023\/11\/tepluhin-egor-2-e1699015726598-1536x979.jpg 1536w, https:\/\/yar.deutschetage.ru\/wp-content\/uploads\/2023\/11\/tepluhin-egor-2-e1699015726598-2048x1305.jpg 2048w\" sizes=\"(max-width: 1024px) 100vw, 1024px\" \/><\/figure>\n\n\n\n<p>Im 19. Jahrhundert gab es nur wenige Wissenschaftler, die nicht von den erstaunlichen Eigenschaften der Elektrizit\u00e4t und den wahrhaft unbegrenzten M\u00f6glichkeiten, die sie versprachen, fasziniert waren.<\/p>\n\n\n\n<p>Johann Philipp Reis (oder Reis \u2013 so klingt sein Name auf Deutsch) bildete keine Ausnahme, dem es als erster gelang, artikulierte Laute mithilfe von elektrischem Strom \u00fcber eine Distanz zu \u00fcbertragen.<\/p>\n\n\n\n<p>Reis untersuchte das menschliche H\u00f6rsystem sorgf\u00e4ltig und erstellte eine Kopie davon, bei der das Trommelfell durch eine Membran aus Schweinedarm ersetzt wurde. Der n\u00e4chste Schritt bestand darin, ein Ger\u00e4t zu entwickeln, das Musikkl\u00e4nge \u00fcber eine Entfernung von bis zu 100 m \u00fcbertragen kann! Reis schlug auch einen Namen f\u00fcr das neue Ger\u00e4t vor \u2013 \u201eTelefon\u201c (Das Telephon).<\/p>\n\n\n\n<p>Die ersten Ger\u00e4te von Reis \u00fcbertrugen deutlich die Kl\u00e4nge der Musik und die folgenden \u2013 einschlie\u00dflich der menschlichen Sprache.<\/p>\n\n\n\n<p>Die wissenschaftlichen Interessen von Philip Reis beschr\u00e4nkten sich nicht nur auf die Schall\u00fcbertragung: Er erfand auch Rollschuhe, entwickelte eines der Fahrradmodelle \u2013 mit Handantrieb, und auch eine Gravitationsmaschine!<\/p>\n\n\n\n<figure class=\"wp-block-image size-large is-resized\"><img loading=\"lazy\" src=\"https:\/\/yar.deutschetage.ru\/wp-content\/uploads\/2023\/11\/tepluhin-egor-1.png\" alt=\"\" class=\"wp-image-3744\" width=\"383\" height=\"609\" srcset=\"https:\/\/yar.deutschetage.ru\/wp-content\/uploads\/2023\/11\/tepluhin-egor-1.png 310w, https:\/\/yar.deutschetage.ru\/wp-content\/uploads\/2023\/11\/tepluhin-egor-1-189x300.png 189w\" sizes=\"(max-width: 383px) 100vw, 383px\" \/><figcaption>Denkmal f\u00fcr I. P. Reiss in Frankfurt am Main<\/figcaption><\/figure>\n","protected":false},"excerpt":{"rendered":"<p>DER GROSSE ERFINDER DES TELEFONS Im 19. Jahrhundert gab es nur wenige Wissenschaftler, die nicht von den erstaunlichen Eigenschaften der Elektrizit\u00e4t und den wahrhaft unbegrenzten M\u00f6glichkeiten, die sie versprachen, fasziniert waren. Johann Philipp Reis (oder Reis \u2013 so klingt sein Name auf Deutsch) bildete keine Ausnahme, dem es als erster gelang, artikulierte Laute mithilfe von [&hellip;]<\/p>\n","protected":false},"author":2,"featured_media":3743,"comment_status":"closed","ping_status":"open","sticky":false,"template":"","format":"standard","meta":[],"categories":[24],"tags":[],"yoast_head":"<!-- This site is optimized with the Yoast SEO plugin v14.9 - https:\/\/yoast.com\/wordpress\/plugins\/seo\/ -->\n<title>Egor Teplukhin, BPK - Deutsche Tage in der Region Jaroslawl<\/title>\n<meta name=\"robots\" content=\"index, follow, max-snippet:-1, max-image-preview:large, max-video-preview:-1\" \/>\n<link rel=\"canonical\" href=\"https:\/\/yar.deutschetage.ru\/egor-tepluhin-bpk\/\" \/>\n<meta property=\"og:locale\" content=\"de_DE\" \/>\n<meta property=\"og:type\" content=\"article\" \/>\n<meta property=\"og:title\" content=\"Egor Teplukhin, BPK - Deutsche Tage in der Region Jaroslawl\" \/>\n<meta property=\"og:url\" content=\"https:\/\/yar.deutschetage.ru\/egor-tepluhin-bpk\/\" \/>\n<meta property=\"og:site_name\" content=\"Deutsche Tage in der Region Jaroslawl\" \/>\n<meta property=\"article:publisher\" content=\"https:\/\/www.facebook.com\/groups\/druzjagermanii\" \/>\n<meta property=\"article:published_time\" content=\"2023-11-03T12:47:31+00:00\" \/>\n<meta property=\"article:modified_time\" content=\"2023-11-13T10:18:11+00:00\" \/>\n<meta property=\"og:image\" content=\"https:\/\/yar.deutschetage.ru\/wp-content\/uploads\/2023\/11\/tepluhin-egor-2-e1699015726598.jpg\" \/>\n\t<meta property=\"og:image:width\" content=\"2079\" \/>\n\t<meta property=\"og:image:height\" content=\"1325\" \/>\n<meta name=\"twitter:card\" content=\"summary_large_image\" \/>\n<script type=\"application\/ld+json\" class=\"yoast-schema-graph\">{\"@context\":\"https:\/\/schema.org\",\"@graph\":[{\"@type\":\"WebSite\",\"@id\":\"https:\/\/yar.deutschetage.ru\/de\/#website\",\"url\":\"https:\/\/yar.deutschetage.ru\/de\/\",\"name\":\"Deutsche Tage in der Region Jaroslawl\",\"description\":\"Wissenschaftliche Fantastik oder fantastische Wissenschaft\",\"potentialAction\":[{\"@type\":\"SearchAction\",\"target\":\"https:\/\/yar.deutschetage.ru\/de\/?s={search_term_string}\",\"query-input\":\"required name=search_term_string\"}],\"inLanguage\":\"de-DE\"},{\"@type\":\"ImageObject\",\"@id\":\"https:\/\/yar.deutschetage.ru\/egor-tepluhin-bpk\/#primaryimage\",\"inLanguage\":\"de-DE\",\"url\":\"https:\/\/yar.deutschetage.ru\/wp-content\/uploads\/2023\/11\/tepluhin-egor-2-e1699015726598.jpg\",\"width\":2079,\"height\":1325},{\"@type\":\"WebPage\",\"@id\":\"https:\/\/yar.deutschetage.ru\/egor-tepluhin-bpk\/#webpage\",\"url\":\"https:\/\/yar.deutschetage.ru\/egor-tepluhin-bpk\/\",\"name\":\"Egor Teplukhin, BPK - Deutsche Tage in der Region Jaroslawl\",\"isPartOf\":{\"@id\":\"https:\/\/yar.deutschetage.ru\/de\/#website\"},\"primaryImageOfPage\":{\"@id\":\"https:\/\/yar.deutschetage.ru\/egor-tepluhin-bpk\/#primaryimage\"},\"datePublished\":\"2023-11-03T12:47:31+00:00\",\"dateModified\":\"2023-11-13T10:18:11+00:00\",\"author\":{\"@id\":\"https:\/\/yar.deutschetage.ru\/de\/#\/schema\/person\/4f39fe90cebbcc93ada07890317ab455\"},\"breadcrumb\":{\"@id\":\"https:\/\/yar.deutschetage.ru\/egor-tepluhin-bpk\/#breadcrumb\"},\"inLanguage\":\"de-DE\",\"potentialAction\":[{\"@type\":\"ReadAction\",\"target\":[\"https:\/\/yar.deutschetage.ru\/egor-tepluhin-bpk\/\"]}]},{\"@type\":\"BreadcrumbList\",\"@id\":\"https:\/\/yar.deutschetage.ru\/egor-tepluhin-bpk\/#breadcrumb\",\"itemListElement\":[{\"@type\":\"ListItem\",\"position\":1,\"item\":{\"@type\":\"WebPage\",\"@id\":\"https:\/\/yar.deutschetage.ru\/\",\"url\":\"https:\/\/yar.deutschetage.ru\/\",\"name\":\"\\u0413\\u043b\\u0430\\u0432\\u043d\\u0430\\u044f\"}},{\"@type\":\"ListItem\",\"position\":2,\"item\":{\"@type\":\"WebPage\",\"@id\":\"https:\/\/yar.deutschetage.ru\/egor-tepluhin-bpk\/\",\"url\":\"https:\/\/yar.deutschetage.ru\/egor-tepluhin-bpk\/\",\"name\":\"\\u0415\\u0433\\u043e\\u0440 \\u0422\\u0435\\u043f\\u043b\\u0443\\u0445\\u0438\\u043d, \\u0411\\u041f\\u041a\"}}]},{\"@type\":\"Person\",\"@id\":\"https:\/\/yar.deutschetage.ru\/de\/#\/schema\/person\/4f39fe90cebbcc93ada07890317ab455\",\"name\":\"\\u0412\\u0430\\u043b\\u0435\\u043d\\u0442\\u0438\\u043d\\u0430\",\"image\":{\"@type\":\"ImageObject\",\"@id\":\"https:\/\/yar.deutschetage.ru\/de\/#personlogo\",\"inLanguage\":\"de-DE\",\"url\":\"https:\/\/secure.gravatar.com\/avatar\/1fe39c6a447b1a4ad661671d48304a9e?s=96&d=mm&r=g\",\"caption\":\"\\u0412\\u0430\\u043b\\u0435\\u043d\\u0442\\u0438\\u043d\\u0430\"}}]}<\/script>\n<!-- \/ Yoast SEO plugin. -->","_links":{"self":[{"href":"https:\/\/yar.deutschetage.ru\/de\/wp-json\/wp\/v2\/posts\/3742"}],"collection":[{"href":"https:\/\/yar.deutschetage.ru\/de\/wp-json\/wp\/v2\/posts"}],"about":[{"href":"https:\/\/yar.deutschetage.ru\/de\/wp-json\/wp\/v2\/types\/post"}],"author":[{"embeddable":true,"href":"https:\/\/yar.deutschetage.ru\/de\/wp-json\/wp\/v2\/users\/2"}],"replies":[{"embeddable":true,"href":"https:\/\/yar.deutschetage.ru\/de\/wp-json\/wp\/v2\/comments?post=3742"}],"version-history":[{"count":2,"href":"https:\/\/yar.deutschetage.ru\/de\/wp-json\/wp\/v2\/posts\/3742\/revisions"}],"predecessor-version":[{"id":3746,"href":"https:\/\/yar.deutschetage.ru\/de\/wp-json\/wp\/v2\/posts\/3742\/revisions\/3746"}],"wp:featuredmedia":[{"embeddable":true,"href":"https:\/\/yar.deutschetage.ru\/de\/wp-json\/wp\/v2\/media\/3743"}],"wp:attachment":[{"href":"https:\/\/yar.deutschetage.ru\/de\/wp-json\/wp\/v2\/media?parent=3742"}],"wp:term":[{"taxonomy":"category","embeddable":true,"href":"https:\/\/yar.deutschetage.ru\/de\/wp-json\/wp\/v2\/categories?post=3742"},{"taxonomy":"post_tag","embeddable":true,"href":"https:\/\/yar.deutschetage.ru\/de\/wp-json\/wp\/v2\/tags?post=3742"}],"curies":[{"name":"wp","href":"https:\/\/api.w.org\/{rel}","templated":true}]}}