{"id":3783,"date":"2023-11-04T16:43:30","date_gmt":"2023-11-04T16:43:30","guid":{"rendered":"https:\/\/yar.deutschetage.ru\/?p=3783"},"modified":"2023-11-13T10:16:43","modified_gmt":"2023-11-13T10:16:43","slug":"diana-skryabina-shkola-na-ul-volnaya","status":"publish","type":"post","link":"https:\/\/yar.deutschetage.ru\/de\/diana-skryabina-shkola-na-ul-volnaya\/","title":{"rendered":"Diana Skrjabina, Walsorfschule"},"content":{"rendered":"\n<p><strong><span class=\"has-inline-color has-vivid-red-color\">R\u00dcCKSACK<\/span><\/strong><\/p>\n\n\n\n<p>Heutzutage ist ein Rucksack ein unverzichtbarer Gegenstand. Absolut jeder nutzt ihn: Kinder und Erwachsene, Sch\u00fcler und Studenten, Reisende und Hausfrauen; er hat unbestreitbare Vorteile gegen\u00fcber Taschen, Aktentaschen und Koffern; der Rucksack ist praktisch, weil er die H\u00e4nde frei l\u00e4sst. Dadurch k\u00f6nnen Sie die Last gleichm\u00e4\u00dfig auf den gesamten R\u00fccken verteilen und so die menschliche Gesundheit schonen. Dank der vielen F\u00e4cher und Taschen bietet der Rucksack Platz f\u00fcr eine gro\u00dfe Anzahl von Dingen unterschiedlicher Gr\u00f6\u00dfe.<\/p>\n\n\n\n<p><br>Die Geschichte des Wortes Rucksack selbst reicht etwa dreihundert Jahre zur\u00fcck; der Name dieser Art von Tasche deutschen Ursprungs entstand im 17. Jahrhundert \u2013 Rucksack \u2013 eine Ableitung zweier W\u00f6rter: R\u00fccken \u2013 \u201ezur\u00fcck\u201c und Sack \u2013 \u201eSack\u201c bzw &#8222;Tasche&#8220;. Die w\u00f6rtliche \u00dcbersetzung des Wortes steht hinter der Umh\u00e4ngetasche.<\/p>\n\n\n\n<p><br>Die Geschichte dieses Ger\u00e4ts f\u00fchrt uns zur\u00fcck in die ferne Vergangenheit. Der erste Vorfahre des modernen Rucksacks ist mehr als 5.000 Jahre alt. Davon erfuhren deutsche Touristen vor nicht allzu langer Zeit, am 19. September 1991, im Alpengletscher Similawn aus N\u00fcrnberg fand einen pr\u00e4historischen Menschen, der perfekt erhalten war. Wissenschaftler haben sein ungef\u00e4hres Alter bestimmt. Der Mann lag 5.300 Jahre lang im Gletscher. Bei ihm wurde eine \u00fcber einen Holzrahmen gespannte Ledertasche gefunden. Im Aussehen \u00e4hnelt dieses Design einem modernen Rucksack.<br>Ich glaube, dass ein Rucksack eine der besten Erfindungen ist, denn ohne ihn w\u00fcrden Kinder, Sportler und jede andere Person alle ihre Sachen auf den H\u00e4nden tragen, was sehr unbequem ist! Ein Rucksack hilft mir im Alltag. Jeden Tag gehe ich mit einem Rucksack auf dem R\u00fccken zur Schule.<\/p>\n\n\n\n<figure class=\"wp-block-image size-large\"><img loading=\"lazy\" width=\"606\" height=\"840\" src=\"https:\/\/yar.deutschetage.ru\/wp-content\/uploads\/2023\/11\/ryukzaki.jpg\" alt=\"\" class=\"wp-image-3784\" srcset=\"https:\/\/yar.deutschetage.ru\/wp-content\/uploads\/2023\/11\/ryukzaki.jpg 606w, https:\/\/yar.deutschetage.ru\/wp-content\/uploads\/2023\/11\/ryukzaki-216x300.jpg 216w\" sizes=\"(max-width: 606px) 100vw, 606px\" \/><\/figure>\n","protected":false},"excerpt":{"rendered":"<p>R\u00dcCKSACK Heutzutage ist ein Rucksack ein unverzichtbarer Gegenstand. Absolut jeder nutzt ihn: Kinder und Erwachsene, Sch\u00fcler und Studenten, Reisende und Hausfrauen; er hat unbestreitbare Vorteile gegen\u00fcber Taschen, Aktentaschen und Koffern; der Rucksack ist praktisch, weil er die H\u00e4nde frei l\u00e4sst. Dadurch k\u00f6nnen Sie die Last gleichm\u00e4\u00dfig auf den gesamten R\u00fccken verteilen und so die menschliche [&hellip;]<\/p>\n","protected":false},"author":2,"featured_media":3785,"comment_status":"closed","ping_status":"open","sticky":false,"template":"","format":"standard","meta":[],"categories":[24],"tags":[],"yoast_head":"<!-- This site is optimized with the Yoast SEO plugin v14.9 - https:\/\/yoast.com\/wordpress\/plugins\/seo\/ -->\n<title>Diana Skrjabina, Walsorfschule - Deutsche Tage in der Region Jaroslawl<\/title>\n<meta name=\"robots\" content=\"index, follow, max-snippet:-1, max-image-preview:large, max-video-preview:-1\" \/>\n<link rel=\"canonical\" href=\"https:\/\/yar.deutschetage.ru\/diana-skryabina-shkola-na-ul-volnaya\/\" \/>\n<meta property=\"og:locale\" content=\"de_DE\" \/>\n<meta property=\"og:type\" content=\"article\" \/>\n<meta property=\"og:title\" content=\"Diana Skrjabina, Walsorfschule - Deutsche Tage in der Region Jaroslawl\" \/>\n<meta property=\"og:url\" content=\"https:\/\/yar.deutschetage.ru\/diana-skryabina-shkola-na-ul-volnaya\/\" \/>\n<meta property=\"og:site_name\" content=\"Deutsche Tage in der Region Jaroslawl\" \/>\n<meta property=\"article:publisher\" content=\"https:\/\/www.facebook.com\/groups\/druzjagermanii\" \/>\n<meta property=\"article:published_time\" content=\"2023-11-04T16:43:30+00:00\" \/>\n<meta property=\"article:modified_time\" content=\"2023-11-13T10:16:43+00:00\" \/>\n<meta property=\"og:image\" content=\"https:\/\/yar.deutschetage.ru\/wp-content\/uploads\/2023\/11\/ryukzaki-1-e1699116335980.jpg\" \/>\n\t<meta property=\"og:image:width\" content=\"606\" \/>\n\t<meta property=\"og:image:height\" content=\"412\" \/>\n<meta name=\"twitter:card\" content=\"summary_large_image\" \/>\n<script type=\"application\/ld+json\" class=\"yoast-schema-graph\">{\"@context\":\"https:\/\/schema.org\",\"@graph\":[{\"@type\":\"WebSite\",\"@id\":\"https:\/\/yar.deutschetage.ru\/de\/#website\",\"url\":\"https:\/\/yar.deutschetage.ru\/de\/\",\"name\":\"Deutsche Tage in der Region Jaroslawl\",\"description\":\"Wissenschaftliche Fantastik oder fantastische Wissenschaft\",\"potentialAction\":[{\"@type\":\"SearchAction\",\"target\":\"https:\/\/yar.deutschetage.ru\/de\/?s={search_term_string}\",\"query-input\":\"required name=search_term_string\"}],\"inLanguage\":\"de-DE\"},{\"@type\":\"ImageObject\",\"@id\":\"https:\/\/yar.deutschetage.ru\/diana-skryabina-shkola-na-ul-volnaya\/#primaryimage\",\"inLanguage\":\"de-DE\",\"url\":\"https:\/\/yar.deutschetage.ru\/wp-content\/uploads\/2023\/11\/ryukzaki-1-e1699116335980.jpg\",\"width\":606,\"height\":412},{\"@type\":\"WebPage\",\"@id\":\"https:\/\/yar.deutschetage.ru\/diana-skryabina-shkola-na-ul-volnaya\/#webpage\",\"url\":\"https:\/\/yar.deutschetage.ru\/diana-skryabina-shkola-na-ul-volnaya\/\",\"name\":\"Diana Skrjabina, Walsorfschule - Deutsche Tage in der Region Jaroslawl\",\"isPartOf\":{\"@id\":\"https:\/\/yar.deutschetage.ru\/de\/#website\"},\"primaryImageOfPage\":{\"@id\":\"https:\/\/yar.deutschetage.ru\/diana-skryabina-shkola-na-ul-volnaya\/#primaryimage\"},\"datePublished\":\"2023-11-04T16:43:30+00:00\",\"dateModified\":\"2023-11-13T10:16:43+00:00\",\"author\":{\"@id\":\"https:\/\/yar.deutschetage.ru\/de\/#\/schema\/person\/4f39fe90cebbcc93ada07890317ab455\"},\"breadcrumb\":{\"@id\":\"https:\/\/yar.deutschetage.ru\/diana-skryabina-shkola-na-ul-volnaya\/#breadcrumb\"},\"inLanguage\":\"de-DE\",\"potentialAction\":[{\"@type\":\"ReadAction\",\"target\":[\"https:\/\/yar.deutschetage.ru\/diana-skryabina-shkola-na-ul-volnaya\/\"]}]},{\"@type\":\"BreadcrumbList\",\"@id\":\"https:\/\/yar.deutschetage.ru\/diana-skryabina-shkola-na-ul-volnaya\/#breadcrumb\",\"itemListElement\":[{\"@type\":\"ListItem\",\"position\":1,\"item\":{\"@type\":\"WebPage\",\"@id\":\"https:\/\/yar.deutschetage.ru\/\",\"url\":\"https:\/\/yar.deutschetage.ru\/\",\"name\":\"\\u0413\\u043b\\u0430\\u0432\\u043d\\u0430\\u044f\"}},{\"@type\":\"ListItem\",\"position\":2,\"item\":{\"@type\":\"WebPage\",\"@id\":\"https:\/\/yar.deutschetage.ru\/diana-skryabina-shkola-na-ul-volnaya\/\",\"url\":\"https:\/\/yar.deutschetage.ru\/diana-skryabina-shkola-na-ul-volnaya\/\",\"name\":\"\\u0414\\u0438\\u0430\\u043d\\u0430 \\u0421\\u043a\\u0440\\u044f\\u0431\\u0438\\u043d\\u0430, \\u0448\\u043a\\u043e\\u043b\\u0430 \\u043d\\u0430 \\u0443\\u043b. \\u0412\\u043e\\u043b\\u044c\\u043d\\u0430\\u044f\"}}]},{\"@type\":\"Person\",\"@id\":\"https:\/\/yar.deutschetage.ru\/de\/#\/schema\/person\/4f39fe90cebbcc93ada07890317ab455\",\"name\":\"\\u0412\\u0430\\u043b\\u0435\\u043d\\u0442\\u0438\\u043d\\u0430\",\"image\":{\"@type\":\"ImageObject\",\"@id\":\"https:\/\/yar.deutschetage.ru\/de\/#personlogo\",\"inLanguage\":\"de-DE\",\"url\":\"https:\/\/secure.gravatar.com\/avatar\/1fe39c6a447b1a4ad661671d48304a9e?s=96&d=mm&r=g\",\"caption\":\"\\u0412\\u0430\\u043b\\u0435\\u043d\\u0442\\u0438\\u043d\\u0430\"}}]}<\/script>\n<!-- \/ Yoast SEO plugin. -->","_links":{"self":[{"href":"https:\/\/yar.deutschetage.ru\/de\/wp-json\/wp\/v2\/posts\/3783"}],"collection":[{"href":"https:\/\/yar.deutschetage.ru\/de\/wp-json\/wp\/v2\/posts"}],"about":[{"href":"https:\/\/yar.deutschetage.ru\/de\/wp-json\/wp\/v2\/types\/post"}],"author":[{"embeddable":true,"href":"https:\/\/yar.deutschetage.ru\/de\/wp-json\/wp\/v2\/users\/2"}],"replies":[{"embeddable":true,"href":"https:\/\/yar.deutschetage.ru\/de\/wp-json\/wp\/v2\/comments?post=3783"}],"version-history":[{"count":4,"href":"https:\/\/yar.deutschetage.ru\/de\/wp-json\/wp\/v2\/posts\/3783\/revisions"}],"predecessor-version":[{"id":3789,"href":"https:\/\/yar.deutschetage.ru\/de\/wp-json\/wp\/v2\/posts\/3783\/revisions\/3789"}],"wp:featuredmedia":[{"embeddable":true,"href":"https:\/\/yar.deutschetage.ru\/de\/wp-json\/wp\/v2\/media\/3785"}],"wp:attachment":[{"href":"https:\/\/yar.deutschetage.ru\/de\/wp-json\/wp\/v2\/media?parent=3783"}],"wp:term":[{"taxonomy":"category","embeddable":true,"href":"https:\/\/yar.deutschetage.ru\/de\/wp-json\/wp\/v2\/categories?post=3783"},{"taxonomy":"post_tag","embeddable":true,"href":"https:\/\/yar.deutschetage.ru\/de\/wp-json\/wp\/v2\/tags?post=3783"}],"curies":[{"name":"wp","href":"https:\/\/api.w.org\/{rel}","templated":true}]}}