{"id":4044,"date":"2024-03-13T14:52:55","date_gmt":"2024-03-13T14:52:55","guid":{"rendered":"https:\/\/yar.deutschetage.ru\/?p=4044"},"modified":"2024-10-21T20:02:12","modified_gmt":"2024-10-21T20:02:12","slug":"chernovik-3","status":"publish","type":"post","link":"https:\/\/yar.deutschetage.ru\/de\/chernovik-3\/","title":{"rendered":"Elizaweta Prokofjewa, Schule 43"},"content":{"rendered":"\n<figure class=\"wp-block-image size-large\"><img src=\"https:\/\/yar.deutschetage.ru\/wp-content\/uploads\/2024\/03\/plakat-1024x817.jpg\" alt=\"\" class=\"wp-image-4052\"\/><\/figure>\n\n\n\n<p><strong>Der Mut und die Tapferkeit von Wilhelm Tell<\/strong><\/p>\n\n\n\n<p>Das Bild illustriert einen Textabschnitt aus dem Drama \u201eWilhelm Tell\u201c von Friedrich Schiller. In diesem Werk behandelte Friedrich Schiller den Konflikt zwischen der einfachen Bev\u00f6lkerung und dem Adel.<\/p>\n\n\n\n<p>Wilhelm Tell und sein Sohn Walter erreichen den Ort Altdorf, wo die S\u00e4ule mit dem Hut des Landvogts Gessler steht, vor der sich jeder verbeugen muss.<\/p>\n\n\n\n<p>Beim Vorbeigehen vergisst Wilhelm Tell, sich vor der S\u00e4ule zu verneigen. Gessler findet es gar nicht witzig, dass Tell ihm die Ehrerbietung verweigert hat und zwingt ihn zu einer Strafe. Tell soll seinem Sohn Walter mit dem Bogen einen Apfel vom Kopf schie\u00dfen. Wenn er sich weigert oder nicht trifft, werden sowohl Tell als auch sein Sohn get\u00f6tet. Tell holt zwei Pfeile hervor und trifft den Apfel genau in der Mitte. Die Menge jubelt.<\/p>\n\n\n\n<p>Gessler fragt, warum er zwei Pfeile hervorgeholt hat. Z\u00f6gerlich gesteht ihm Tell, dass er mit dem zweiten Pfeil Gessler erschossen h\u00e4tte, wenn er beim Apfelschuss gescheitert w\u00e4re. Daraufhin wird Tell festgenommen.<\/p>\n","protected":false},"excerpt":{"rendered":"<p>Der Mut und die Tapferkeit von Wilhelm Tell Das Bild illustriert einen Textabschnitt aus dem Drama \u201eWilhelm Tell\u201c von Friedrich Schiller. In diesem Werk behandelte Friedrich Schiller den Konflikt zwischen der einfachen Bev\u00f6lkerung und dem Adel. Wilhelm Tell und sein Sohn Walter erreichen den Ort Altdorf, wo die S\u00e4ule mit dem Hut des Landvogts Gessler [&hellip;]<\/p>\n","protected":false},"author":2,"featured_media":4052,"comment_status":"closed","ping_status":"open","sticky":false,"template":"","format":"standard","meta":[],"categories":[30],"tags":[],"yoast_head":"<!-- This site is optimized with the Yoast SEO plugin v14.9 - https:\/\/yoast.com\/wordpress\/plugins\/seo\/ -->\n<title>Elizaweta Prokofjewa, Schule 43 - Deutsche Tage in der Region Jaroslawl<\/title>\n<meta name=\"robots\" content=\"index, follow, max-snippet:-1, max-image-preview:large, max-video-preview:-1\" \/>\n<link rel=\"canonical\" href=\"https:\/\/yar.deutschetage.ru\/chernovik-3\/\" \/>\n<meta property=\"og:locale\" content=\"de_DE\" \/>\n<meta property=\"og:type\" content=\"article\" \/>\n<meta property=\"og:title\" content=\"Elizaweta Prokofjewa, Schule 43 - Deutsche Tage in der Region Jaroslawl\" \/>\n<meta property=\"og:url\" content=\"https:\/\/yar.deutschetage.ru\/chernovik-3\/\" \/>\n<meta property=\"og:site_name\" content=\"Deutsche Tage in der Region Jaroslawl\" \/>\n<meta property=\"article:publisher\" content=\"https:\/\/www.facebook.com\/groups\/druzjagermanii\" \/>\n<meta property=\"article:published_time\" content=\"2024-03-13T14:52:55+00:00\" \/>\n<meta property=\"article:modified_time\" content=\"2024-10-21T20:02:12+00:00\" \/>\n<meta property=\"og:image\" content=\"https:\/\/yar.deutschetage.ru\/wp-content\/uploads\/2024\/03\/plakat-e1710422319796.jpg\" \/>\n\t<meta property=\"og:image:width\" content=\"1280\" \/>\n\t<meta property=\"og:image:height\" content=\"982\" \/>\n<meta name=\"twitter:card\" content=\"summary_large_image\" \/>\n<script type=\"application\/ld+json\" class=\"yoast-schema-graph\">{\"@context\":\"https:\/\/schema.org\",\"@graph\":[{\"@type\":\"WebSite\",\"@id\":\"https:\/\/yar.deutschetage.ru\/de\/#website\",\"url\":\"https:\/\/yar.deutschetage.ru\/de\/\",\"name\":\"Deutsche Tage in der Region Jaroslawl\",\"description\":\"Wissenschaftliche Fantastik oder fantastische Wissenschaft\",\"potentialAction\":[{\"@type\":\"SearchAction\",\"target\":\"https:\/\/yar.deutschetage.ru\/de\/?s={search_term_string}\",\"query-input\":\"required name=search_term_string\"}],\"inLanguage\":\"de-DE\"},{\"@type\":\"ImageObject\",\"@id\":\"https:\/\/yar.deutschetage.ru\/chernovik-3\/#primaryimage\",\"inLanguage\":\"de-DE\",\"url\":\"https:\/\/yar.deutschetage.ru\/wp-content\/uploads\/2024\/03\/plakat-e1710422319796.jpg\",\"width\":1280,\"height\":982,\"caption\":\"\\u0414\\u0430\\u0440\\u044c\\u044f \\u0415\\u043c\\u0435\\u043b\\u044c\\u044f\\u043d\\u043e\\u0432\\u0430\"},{\"@type\":\"WebPage\",\"@id\":\"https:\/\/yar.deutschetage.ru\/chernovik-3\/#webpage\",\"url\":\"https:\/\/yar.deutschetage.ru\/chernovik-3\/\",\"name\":\"Elizaweta Prokofjewa, Schule 43 - Deutsche Tage in der Region Jaroslawl\",\"isPartOf\":{\"@id\":\"https:\/\/yar.deutschetage.ru\/de\/#website\"},\"primaryImageOfPage\":{\"@id\":\"https:\/\/yar.deutschetage.ru\/chernovik-3\/#primaryimage\"},\"datePublished\":\"2024-03-13T14:52:55+00:00\",\"dateModified\":\"2024-10-21T20:02:12+00:00\",\"author\":{\"@id\":\"https:\/\/yar.deutschetage.ru\/de\/#\/schema\/person\/4f39fe90cebbcc93ada07890317ab455\"},\"breadcrumb\":{\"@id\":\"https:\/\/yar.deutschetage.ru\/chernovik-3\/#breadcrumb\"},\"inLanguage\":\"de-DE\",\"potentialAction\":[{\"@type\":\"ReadAction\",\"target\":[\"https:\/\/yar.deutschetage.ru\/chernovik-3\/\"]}]},{\"@type\":\"BreadcrumbList\",\"@id\":\"https:\/\/yar.deutschetage.ru\/chernovik-3\/#breadcrumb\",\"itemListElement\":[{\"@type\":\"ListItem\",\"position\":1,\"item\":{\"@type\":\"WebPage\",\"@id\":\"https:\/\/yar.deutschetage.ru\/\",\"url\":\"https:\/\/yar.deutschetage.ru\/\",\"name\":\"\\u0413\\u043b\\u0430\\u0432\\u043d\\u0430\\u044f\"}},{\"@type\":\"ListItem\",\"position\":2,\"item\":{\"@type\":\"WebPage\",\"@id\":\"https:\/\/yar.deutschetage.ru\/chernovik-3\/\",\"url\":\"https:\/\/yar.deutschetage.ru\/chernovik-3\/\",\"name\":\"\\u0415\\u043b\\u0438\\u0437\\u0430\\u0432\\u0435\\u0442\\u0430 \\u041f\\u0440\\u043e\\u043a\\u043e\\u0444\\u044c\\u0435\\u0432\\u0430, \\u0448\\u043a\\u043e\\u043b\\u0430 \\u211643\"}}]},{\"@type\":\"Person\",\"@id\":\"https:\/\/yar.deutschetage.ru\/de\/#\/schema\/person\/4f39fe90cebbcc93ada07890317ab455\",\"name\":\"\\u0412\\u0430\\u043b\\u0435\\u043d\\u0442\\u0438\\u043d\\u0430\",\"image\":{\"@type\":\"ImageObject\",\"@id\":\"https:\/\/yar.deutschetage.ru\/de\/#personlogo\",\"inLanguage\":\"de-DE\",\"url\":\"https:\/\/secure.gravatar.com\/avatar\/1fe39c6a447b1a4ad661671d48304a9e?s=96&d=mm&r=g\",\"caption\":\"\\u0412\\u0430\\u043b\\u0435\\u043d\\u0442\\u0438\\u043d\\u0430\"}}]}<\/script>\n<!-- \/ Yoast SEO plugin. -->","_links":{"self":[{"href":"https:\/\/yar.deutschetage.ru\/de\/wp-json\/wp\/v2\/posts\/4044"}],"collection":[{"href":"https:\/\/yar.deutschetage.ru\/de\/wp-json\/wp\/v2\/posts"}],"about":[{"href":"https:\/\/yar.deutschetage.ru\/de\/wp-json\/wp\/v2\/types\/post"}],"author":[{"embeddable":true,"href":"https:\/\/yar.deutschetage.ru\/de\/wp-json\/wp\/v2\/users\/2"}],"replies":[{"embeddable":true,"href":"https:\/\/yar.deutschetage.ru\/de\/wp-json\/wp\/v2\/comments?post=4044"}],"version-history":[{"count":7,"href":"https:\/\/yar.deutschetage.ru\/de\/wp-json\/wp\/v2\/posts\/4044\/revisions"}],"predecessor-version":[{"id":4416,"href":"https:\/\/yar.deutschetage.ru\/de\/wp-json\/wp\/v2\/posts\/4044\/revisions\/4416"}],"wp:featuredmedia":[{"embeddable":true,"href":"https:\/\/yar.deutschetage.ru\/de\/wp-json\/wp\/v2\/media\/4052"}],"wp:attachment":[{"href":"https:\/\/yar.deutschetage.ru\/de\/wp-json\/wp\/v2\/media?parent=4044"}],"wp:term":[{"taxonomy":"category","embeddable":true,"href":"https:\/\/yar.deutschetage.ru\/de\/wp-json\/wp\/v2\/categories?post=4044"},{"taxonomy":"post_tag","embeddable":true,"href":"https:\/\/yar.deutschetage.ru\/de\/wp-json\/wp\/v2\/tags?post=4044"}],"curies":[{"name":"wp","href":"https:\/\/api.w.org\/{rel}","templated":true}]}}