{"id":4148,"date":"2024-03-17T17:21:53","date_gmt":"2024-03-17T17:21:53","guid":{"rendered":"https:\/\/yar.deutschetage.ru\/?p=4148"},"modified":"2024-10-21T19:30:15","modified_gmt":"2024-10-21T19:30:15","slug":"dmitrij-borisov-gimnaziya-1","status":"publish","type":"post","link":"https:\/\/yar.deutschetage.ru\/de\/dmitrij-borisov-gimnaziya-1\/","title":{"rendered":"Dmitrij Borissow, Gymnasium Nr.1"},"content":{"rendered":"\n<figure class=\"wp-block-image size-large\"><img loading=\"lazy\" width=\"1024\" height=\"768\" src=\"https:\/\/yar.deutschetage.ru\/wp-content\/uploads\/2024\/03\/borisov-dmitrij-mihajlovich-13-let.-voobrazhenie-vostoka-v-skazkah-vilgelma-gaufa-mou-gimnaziya-\u21161-yaroslavl-1024x768.jpg\" alt=\"\" class=\"wp-image-4149\" srcset=\"https:\/\/yar.deutschetage.ru\/wp-content\/uploads\/2024\/03\/borisov-dmitrij-mihajlovich-13-let.-voobrazhenie-vostoka-v-skazkah-vilgelma-gaufa-mou-gimnaziya-\u21161-yaroslavl-1024x768.jpg 1024w, https:\/\/yar.deutschetage.ru\/wp-content\/uploads\/2024\/03\/borisov-dmitrij-mihajlovich-13-let.-voobrazhenie-vostoka-v-skazkah-vilgelma-gaufa-mou-gimnaziya-\u21161-yaroslavl-300x225.jpg 300w, https:\/\/yar.deutschetage.ru\/wp-content\/uploads\/2024\/03\/borisov-dmitrij-mihajlovich-13-let.-voobrazhenie-vostoka-v-skazkah-vilgelma-gaufa-mou-gimnaziya-\u21161-yaroslavl-768x576.jpg 768w, https:\/\/yar.deutschetage.ru\/wp-content\/uploads\/2024\/03\/borisov-dmitrij-mihajlovich-13-let.-voobrazhenie-vostoka-v-skazkah-vilgelma-gaufa-mou-gimnaziya-\u21161-yaroslavl-1536x1152.jpg 1536w, https:\/\/yar.deutschetage.ru\/wp-content\/uploads\/2024\/03\/borisov-dmitrij-mihajlovich-13-let.-voobrazhenie-vostoka-v-skazkah-vilgelma-gaufa-mou-gimnaziya-\u21161-yaroslavl-2048x1536.jpg 2048w\" sizes=\"(max-width: 1024px) 100vw, 1024px\" \/><\/figure>\n\n\n\n<p><strong>Die Vorstellung des Ostens in den M\u00e4rchen von Wilhelm Hauff<\/strong><\/p>\n\n\n\n<p><br>In meiner Zeichnung habe ich das Bild von Wilhelm Hauff dargestellt, einem deutschen Schriftsteller, der viele M\u00e4rchen geschrieben hat. Rund um Gauffs Portr\u00e4t sind Fragmente aus vier seiner M\u00e4rchen gezeichnet: \u201eKalif der Storch\u201c, \u201eKleiner Muk\u201c, \u201eAli Baba und die 40 R\u00e4uber\u201c und \u201eZwergennase\u201c. Links und rechts vom Portr\u00e4t von V. Gauf sind Symbole der Kreativit\u00e4t des Schriftstellers: ein Stift mit Tintenfass und ein M\u00e4rchenbuch. Obwohl Wilhelm Hauff deutscher Nationalit\u00e4t ist, sind seine M\u00e4rchen von einem zauberhaften orientalischen Flair durchdrungen. Im Hintergrund hinter dem Portr\u00e4t von Hauff habe ich die Flagge Deutschlands abgebildet, dessen Nationalschatz das Werk von Wilhelm Hauff ist.<\/p>\n","protected":false},"excerpt":{"rendered":"<p>Die Vorstellung des Ostens in den M\u00e4rchen von Wilhelm Hauff In meiner Zeichnung habe ich das Bild von Wilhelm Hauff dargestellt, einem deutschen Schriftsteller, der viele M\u00e4rchen geschrieben hat. Rund um Gauffs Portr\u00e4t sind Fragmente aus vier seiner M\u00e4rchen gezeichnet: \u201eKalif der Storch\u201c, \u201eKleiner Muk\u201c, \u201eAli Baba und die 40 R\u00e4uber\u201c und \u201eZwergennase\u201c. Links und [&hellip;]<\/p>\n","protected":false},"author":2,"featured_media":4149,"comment_status":"closed","ping_status":"open","sticky":false,"template":"","format":"standard","meta":[],"categories":[30],"tags":[],"yoast_head":"<!-- This site is optimized with the Yoast SEO plugin v14.9 - https:\/\/yoast.com\/wordpress\/plugins\/seo\/ -->\n<title>Dmitrij Borissow, Gymnasium Nr.1 - Deutsche Tage in der Region Jaroslawl<\/title>\n<meta name=\"robots\" content=\"index, follow, max-snippet:-1, max-image-preview:large, max-video-preview:-1\" \/>\n<link rel=\"canonical\" href=\"https:\/\/yar.deutschetage.ru\/dmitrij-borisov-gimnaziya-1\/\" \/>\n<meta property=\"og:locale\" content=\"de_DE\" \/>\n<meta property=\"og:type\" content=\"article\" \/>\n<meta property=\"og:title\" content=\"Dmitrij Borissow, Gymnasium Nr.1 - Deutsche Tage in der Region Jaroslawl\" \/>\n<meta property=\"og:url\" content=\"https:\/\/yar.deutschetage.ru\/dmitrij-borisov-gimnaziya-1\/\" \/>\n<meta property=\"og:site_name\" content=\"Deutsche Tage in der Region Jaroslawl\" \/>\n<meta property=\"article:publisher\" content=\"https:\/\/www.facebook.com\/groups\/druzjagermanii\" \/>\n<meta property=\"article:published_time\" content=\"2024-03-17T17:21:53+00:00\" \/>\n<meta property=\"article:modified_time\" content=\"2024-10-21T19:30:15+00:00\" \/>\n<meta property=\"og:image\" content=\"https:\/\/yar.deutschetage.ru\/wp-content\/uploads\/2024\/03\/borisov-dmitrij-mihajlovich-13-let.-voobrazhenie-vostoka-v-skazkah-vilgelma-gaufa-mou-gimnaziya-\u21161-yaroslavl.jpg\" \/>\n\t<meta property=\"og:image:width\" content=\"2080\" \/>\n\t<meta property=\"og:image:height\" content=\"1560\" \/>\n<meta name=\"twitter:card\" content=\"summary_large_image\" \/>\n<script type=\"application\/ld+json\" class=\"yoast-schema-graph\">{\"@context\":\"https:\/\/schema.org\",\"@graph\":[{\"@type\":\"WebSite\",\"@id\":\"https:\/\/yar.deutschetage.ru\/de\/#website\",\"url\":\"https:\/\/yar.deutschetage.ru\/de\/\",\"name\":\"Deutsche Tage in der Region Jaroslawl\",\"description\":\"Wissenschaftliche Fantastik oder fantastische Wissenschaft\",\"potentialAction\":[{\"@type\":\"SearchAction\",\"target\":\"https:\/\/yar.deutschetage.ru\/de\/?s={search_term_string}\",\"query-input\":\"required name=search_term_string\"}],\"inLanguage\":\"de-DE\"},{\"@type\":\"ImageObject\",\"@id\":\"https:\/\/yar.deutschetage.ru\/dmitrij-borisov-gimnaziya-1\/#primaryimage\",\"inLanguage\":\"de-DE\",\"url\":\"https:\/\/yar.deutschetage.ru\/wp-content\/uploads\/2024\/03\/borisov-dmitrij-mihajlovich-13-let.-voobrazhenie-vostoka-v-skazkah-vilgelma-gaufa-mou-gimnaziya-\\u21161-yaroslavl.jpg\",\"width\":2080,\"height\":1560,\"caption\":\"\\u0414\\u043c\\u0438\\u0442\\u0440\\u0438\\u0439 \\u0411\\u043e\\u0440\\u0438\\u0441\\u043e\\u0432\"},{\"@type\":\"WebPage\",\"@id\":\"https:\/\/yar.deutschetage.ru\/dmitrij-borisov-gimnaziya-1\/#webpage\",\"url\":\"https:\/\/yar.deutschetage.ru\/dmitrij-borisov-gimnaziya-1\/\",\"name\":\"Dmitrij Borissow, Gymnasium Nr.1 - Deutsche Tage in der Region Jaroslawl\",\"isPartOf\":{\"@id\":\"https:\/\/yar.deutschetage.ru\/de\/#website\"},\"primaryImageOfPage\":{\"@id\":\"https:\/\/yar.deutschetage.ru\/dmitrij-borisov-gimnaziya-1\/#primaryimage\"},\"datePublished\":\"2024-03-17T17:21:53+00:00\",\"dateModified\":\"2024-10-21T19:30:15+00:00\",\"author\":{\"@id\":\"https:\/\/yar.deutschetage.ru\/de\/#\/schema\/person\/4f39fe90cebbcc93ada07890317ab455\"},\"breadcrumb\":{\"@id\":\"https:\/\/yar.deutschetage.ru\/dmitrij-borisov-gimnaziya-1\/#breadcrumb\"},\"inLanguage\":\"de-DE\",\"potentialAction\":[{\"@type\":\"ReadAction\",\"target\":[\"https:\/\/yar.deutschetage.ru\/dmitrij-borisov-gimnaziya-1\/\"]}]},{\"@type\":\"BreadcrumbList\",\"@id\":\"https:\/\/yar.deutschetage.ru\/dmitrij-borisov-gimnaziya-1\/#breadcrumb\",\"itemListElement\":[{\"@type\":\"ListItem\",\"position\":1,\"item\":{\"@type\":\"WebPage\",\"@id\":\"https:\/\/yar.deutschetage.ru\/\",\"url\":\"https:\/\/yar.deutschetage.ru\/\",\"name\":\"\\u0413\\u043b\\u0430\\u0432\\u043d\\u0430\\u044f\"}},{\"@type\":\"ListItem\",\"position\":2,\"item\":{\"@type\":\"WebPage\",\"@id\":\"https:\/\/yar.deutschetage.ru\/dmitrij-borisov-gimnaziya-1\/\",\"url\":\"https:\/\/yar.deutschetage.ru\/dmitrij-borisov-gimnaziya-1\/\",\"name\":\"\\u0414\\u043c\\u0438\\u0442\\u0440\\u0438\\u0439 \\u0411\\u043e\\u0440\\u0438\\u0441\\u043e\\u0432, \\u0433\\u0438\\u043c\\u043d\\u0430\\u0437\\u0438\\u044f 1\"}}]},{\"@type\":\"Person\",\"@id\":\"https:\/\/yar.deutschetage.ru\/de\/#\/schema\/person\/4f39fe90cebbcc93ada07890317ab455\",\"name\":\"\\u0412\\u0430\\u043b\\u0435\\u043d\\u0442\\u0438\\u043d\\u0430\",\"image\":{\"@type\":\"ImageObject\",\"@id\":\"https:\/\/yar.deutschetage.ru\/de\/#personlogo\",\"inLanguage\":\"de-DE\",\"url\":\"https:\/\/secure.gravatar.com\/avatar\/1fe39c6a447b1a4ad661671d48304a9e?s=96&d=mm&r=g\",\"caption\":\"\\u0412\\u0430\\u043b\\u0435\\u043d\\u0442\\u0438\\u043d\\u0430\"}}]}<\/script>\n<!-- \/ Yoast SEO plugin. -->","_links":{"self":[{"href":"https:\/\/yar.deutschetage.ru\/de\/wp-json\/wp\/v2\/posts\/4148"}],"collection":[{"href":"https:\/\/yar.deutschetage.ru\/de\/wp-json\/wp\/v2\/posts"}],"about":[{"href":"https:\/\/yar.deutschetage.ru\/de\/wp-json\/wp\/v2\/types\/post"}],"author":[{"embeddable":true,"href":"https:\/\/yar.deutschetage.ru\/de\/wp-json\/wp\/v2\/users\/2"}],"replies":[{"embeddable":true,"href":"https:\/\/yar.deutschetage.ru\/de\/wp-json\/wp\/v2\/comments?post=4148"}],"version-history":[{"count":6,"href":"https:\/\/yar.deutschetage.ru\/de\/wp-json\/wp\/v2\/posts\/4148\/revisions"}],"predecessor-version":[{"id":4266,"href":"https:\/\/yar.deutschetage.ru\/de\/wp-json\/wp\/v2\/posts\/4148\/revisions\/4266"}],"wp:featuredmedia":[{"embeddable":true,"href":"https:\/\/yar.deutschetage.ru\/de\/wp-json\/wp\/v2\/media\/4149"}],"wp:attachment":[{"href":"https:\/\/yar.deutschetage.ru\/de\/wp-json\/wp\/v2\/media?parent=4148"}],"wp:term":[{"taxonomy":"category","embeddable":true,"href":"https:\/\/yar.deutschetage.ru\/de\/wp-json\/wp\/v2\/categories?post=4148"},{"taxonomy":"post_tag","embeddable":true,"href":"https:\/\/yar.deutschetage.ru\/de\/wp-json\/wp\/v2\/tags?post=4148"}],"curies":[{"name":"wp","href":"https:\/\/api.w.org\/{rel}","templated":true}]}}