{"id":4154,"date":"2024-03-17T17:25:40","date_gmt":"2024-03-17T17:25:40","guid":{"rendered":"https:\/\/yar.deutschetage.ru\/?p=4154"},"modified":"2024-10-21T19:28:30","modified_gmt":"2024-10-21T19:28:30","slug":"elizaveta-gomonova-gimnaziya-1","status":"publish","type":"post","link":"https:\/\/yar.deutschetage.ru\/de\/elizaveta-gomonova-gimnaziya-1\/","title":{"rendered":"Elizawjeta Gomonowa, Gymnasium Nr.1"},"content":{"rendered":"\n<figure class=\"wp-block-image size-large\"><img loading=\"lazy\" width=\"1024\" height=\"768\" src=\"https:\/\/yar.deutschetage.ru\/wp-content\/uploads\/2024\/03\/gomonova-elizaveta-evgenevna-13-let-obed-lyagushonka-s-korolem-i-korolevnoj-mou-gimnaziya-\u21161-yaroslavl-1024x768.jpg\" alt=\"\" class=\"wp-image-4155\" srcset=\"https:\/\/yar.deutschetage.ru\/wp-content\/uploads\/2024\/03\/gomonova-elizaveta-evgenevna-13-let-obed-lyagushonka-s-korolem-i-korolevnoj-mou-gimnaziya-\u21161-yaroslavl-1024x768.jpg 1024w, https:\/\/yar.deutschetage.ru\/wp-content\/uploads\/2024\/03\/gomonova-elizaveta-evgenevna-13-let-obed-lyagushonka-s-korolem-i-korolevnoj-mou-gimnaziya-\u21161-yaroslavl-300x225.jpg 300w, https:\/\/yar.deutschetage.ru\/wp-content\/uploads\/2024\/03\/gomonova-elizaveta-evgenevna-13-let-obed-lyagushonka-s-korolem-i-korolevnoj-mou-gimnaziya-\u21161-yaroslavl-768x576.jpg 768w, https:\/\/yar.deutschetage.ru\/wp-content\/uploads\/2024\/03\/gomonova-elizaveta-evgenevna-13-let-obed-lyagushonka-s-korolem-i-korolevnoj-mou-gimnaziya-\u21161-yaroslavl-1536x1152.jpg 1536w, https:\/\/yar.deutschetage.ru\/wp-content\/uploads\/2024\/03\/gomonova-elizaveta-evgenevna-13-let-obed-lyagushonka-s-korolem-i-korolevnoj-mou-gimnaziya-\u21161-yaroslavl-2048x1536.jpg 2048w\" sizes=\"(max-width: 1024px) 100vw, 1024px\" \/><\/figure>\n\n\n\n<p><strong>MITTAGESSEN DES FROSCHES MIT DEM K\u00d6NIG UND DER K\u00d6NIGIN<\/strong><\/p>\n\n\n\n<p>nach dem M\u00e4rchen der Gebr\u00fcder Grimm<\/p>\n\n\n\n<p>Die Br\u00fcder Jacob und Wilhelm Grimm sind deutsche Geschichtenerz\u00e4hler und Linguisten. Das allererste M\u00e4rchen in ihrer Sammlung \u201eM\u00e4rchen der Br\u00fcder Grimm\u201c war \u201eDas M\u00e4rchen vom Froschk\u00f6nig oder dem eisernen Heinrich\u201c. Es erz\u00e4hlt die Geschichte einer launischen Prinzessin, die ihr Versprechen nicht h\u00e4lt und undankbar gegen\u00fcber dem Frosch ist, der ihre goldene Kugel aus dem Brunnen geholt hat. Doch pl\u00f6tzlich verwandelt sich der Frosch in einen wundersch\u00f6nen Prinzen.<br>Meine Zeichnung zeigt einen Frosch, eine Prinzessin und einen K\u00f6nig. Sie essen im k\u00f6niglichen Palast zu Mittag. Der kleine Frosch trinkt aus demselben goldenen Glas und isst zusammen mit der K\u00f6nigin aus derselben goldenen Sch\u00fcssel. Das M\u00e4rchen lehrt, dass man denen, die einem helfen, dankbar sein sollte, und das Schicksal wird es belohnen.<\/p>\n\n\n\n<p><\/p>\n","protected":false},"excerpt":{"rendered":"<p>MITTAGESSEN DES FROSCHES MIT DEM K\u00d6NIG UND DER K\u00d6NIGIN nach dem M\u00e4rchen der Gebr\u00fcder Grimm Die Br\u00fcder Jacob und Wilhelm Grimm sind deutsche Geschichtenerz\u00e4hler und Linguisten. Das allererste M\u00e4rchen in ihrer Sammlung \u201eM\u00e4rchen der Br\u00fcder Grimm\u201c war \u201eDas M\u00e4rchen vom Froschk\u00f6nig oder dem eisernen Heinrich\u201c. Es erz\u00e4hlt die Geschichte einer launischen Prinzessin, die ihr Versprechen [&hellip;]<\/p>\n","protected":false},"author":2,"featured_media":4155,"comment_status":"closed","ping_status":"open","sticky":false,"template":"","format":"standard","meta":[],"categories":[30],"tags":[],"yoast_head":"<!-- This site is optimized with the Yoast SEO plugin v14.9 - https:\/\/yoast.com\/wordpress\/plugins\/seo\/ -->\n<title>Elizawjeta Gomonowa, Gymnasium Nr.1 - Deutsche Tage in der Region Jaroslawl<\/title>\n<meta name=\"robots\" content=\"index, follow, max-snippet:-1, max-image-preview:large, max-video-preview:-1\" \/>\n<link rel=\"canonical\" href=\"https:\/\/yar.deutschetage.ru\/elizaveta-gomonova-gimnaziya-1\/\" \/>\n<meta property=\"og:locale\" content=\"de_DE\" \/>\n<meta property=\"og:type\" content=\"article\" \/>\n<meta property=\"og:title\" content=\"Elizawjeta Gomonowa, Gymnasium Nr.1 - Deutsche Tage in der Region Jaroslawl\" \/>\n<meta property=\"og:url\" content=\"https:\/\/yar.deutschetage.ru\/elizaveta-gomonova-gimnaziya-1\/\" \/>\n<meta property=\"og:site_name\" content=\"Deutsche Tage in der Region Jaroslawl\" \/>\n<meta property=\"article:publisher\" content=\"https:\/\/www.facebook.com\/groups\/druzjagermanii\" \/>\n<meta property=\"article:published_time\" content=\"2024-03-17T17:25:40+00:00\" \/>\n<meta property=\"article:modified_time\" content=\"2024-10-21T19:28:30+00:00\" \/>\n<meta property=\"og:image\" content=\"https:\/\/yar.deutschetage.ru\/wp-content\/uploads\/2024\/03\/gomonova-elizaveta-evgenevna-13-let-obed-lyagushonka-s-korolem-i-korolevnoj-mou-gimnaziya-\u21161-yaroslavl.jpg\" \/>\n\t<meta property=\"og:image:width\" content=\"2080\" \/>\n\t<meta property=\"og:image:height\" content=\"1560\" \/>\n<meta name=\"twitter:card\" content=\"summary_large_image\" \/>\n<script type=\"application\/ld+json\" class=\"yoast-schema-graph\">{\"@context\":\"https:\/\/schema.org\",\"@graph\":[{\"@type\":\"WebSite\",\"@id\":\"https:\/\/yar.deutschetage.ru\/de\/#website\",\"url\":\"https:\/\/yar.deutschetage.ru\/de\/\",\"name\":\"Deutsche Tage in der Region Jaroslawl\",\"description\":\"Wissenschaftliche Fantastik oder fantastische Wissenschaft\",\"potentialAction\":[{\"@type\":\"SearchAction\",\"target\":\"https:\/\/yar.deutschetage.ru\/de\/?s={search_term_string}\",\"query-input\":\"required name=search_term_string\"}],\"inLanguage\":\"de-DE\"},{\"@type\":\"ImageObject\",\"@id\":\"https:\/\/yar.deutschetage.ru\/elizaveta-gomonova-gimnaziya-1\/#primaryimage\",\"inLanguage\":\"de-DE\",\"url\":\"https:\/\/yar.deutschetage.ru\/wp-content\/uploads\/2024\/03\/gomonova-elizaveta-evgenevna-13-let-obed-lyagushonka-s-korolem-i-korolevnoj-mou-gimnaziya-\\u21161-yaroslavl.jpg\",\"width\":2080,\"height\":1560,\"caption\":\"\\u0415\\u043b\\u0438\\u0437\\u0430\\u0432\\u0435\\u0442\\u0430 \\u0413\\u043e\\u043c\\u043e\\u043d\\u043e\\u0432\\u0430\"},{\"@type\":\"WebPage\",\"@id\":\"https:\/\/yar.deutschetage.ru\/elizaveta-gomonova-gimnaziya-1\/#webpage\",\"url\":\"https:\/\/yar.deutschetage.ru\/elizaveta-gomonova-gimnaziya-1\/\",\"name\":\"Elizawjeta Gomonowa, Gymnasium Nr.1 - Deutsche Tage in der Region Jaroslawl\",\"isPartOf\":{\"@id\":\"https:\/\/yar.deutschetage.ru\/de\/#website\"},\"primaryImageOfPage\":{\"@id\":\"https:\/\/yar.deutschetage.ru\/elizaveta-gomonova-gimnaziya-1\/#primaryimage\"},\"datePublished\":\"2024-03-17T17:25:40+00:00\",\"dateModified\":\"2024-10-21T19:28:30+00:00\",\"author\":{\"@id\":\"https:\/\/yar.deutschetage.ru\/de\/#\/schema\/person\/4f39fe90cebbcc93ada07890317ab455\"},\"breadcrumb\":{\"@id\":\"https:\/\/yar.deutschetage.ru\/elizaveta-gomonova-gimnaziya-1\/#breadcrumb\"},\"inLanguage\":\"de-DE\",\"potentialAction\":[{\"@type\":\"ReadAction\",\"target\":[\"https:\/\/yar.deutschetage.ru\/elizaveta-gomonova-gimnaziya-1\/\"]}]},{\"@type\":\"BreadcrumbList\",\"@id\":\"https:\/\/yar.deutschetage.ru\/elizaveta-gomonova-gimnaziya-1\/#breadcrumb\",\"itemListElement\":[{\"@type\":\"ListItem\",\"position\":1,\"item\":{\"@type\":\"WebPage\",\"@id\":\"https:\/\/yar.deutschetage.ru\/\",\"url\":\"https:\/\/yar.deutschetage.ru\/\",\"name\":\"\\u0413\\u043b\\u0430\\u0432\\u043d\\u0430\\u044f\"}},{\"@type\":\"ListItem\",\"position\":2,\"item\":{\"@type\":\"WebPage\",\"@id\":\"https:\/\/yar.deutschetage.ru\/elizaveta-gomonova-gimnaziya-1\/\",\"url\":\"https:\/\/yar.deutschetage.ru\/elizaveta-gomonova-gimnaziya-1\/\",\"name\":\"\\u0415\\u043b\\u0438\\u0437\\u0430\\u0432\\u0435\\u0442\\u0430 \\u0413\\u043e\\u043c\\u043e\\u043d\\u043e\\u0432\\u0430, \\u0433\\u0438\\u043c\\u043d\\u0430\\u0437\\u0438\\u044f 1\"}}]},{\"@type\":\"Person\",\"@id\":\"https:\/\/yar.deutschetage.ru\/de\/#\/schema\/person\/4f39fe90cebbcc93ada07890317ab455\",\"name\":\"\\u0412\\u0430\\u043b\\u0435\\u043d\\u0442\\u0438\\u043d\\u0430\",\"image\":{\"@type\":\"ImageObject\",\"@id\":\"https:\/\/yar.deutschetage.ru\/de\/#personlogo\",\"inLanguage\":\"de-DE\",\"url\":\"https:\/\/secure.gravatar.com\/avatar\/1fe39c6a447b1a4ad661671d48304a9e?s=96&d=mm&r=g\",\"caption\":\"\\u0412\\u0430\\u043b\\u0435\\u043d\\u0442\\u0438\\u043d\\u0430\"}}]}<\/script>\n<!-- \/ Yoast SEO plugin. -->","_links":{"self":[{"href":"https:\/\/yar.deutschetage.ru\/de\/wp-json\/wp\/v2\/posts\/4154"}],"collection":[{"href":"https:\/\/yar.deutschetage.ru\/de\/wp-json\/wp\/v2\/posts"}],"about":[{"href":"https:\/\/yar.deutschetage.ru\/de\/wp-json\/wp\/v2\/types\/post"}],"author":[{"embeddable":true,"href":"https:\/\/yar.deutschetage.ru\/de\/wp-json\/wp\/v2\/users\/2"}],"replies":[{"embeddable":true,"href":"https:\/\/yar.deutschetage.ru\/de\/wp-json\/wp\/v2\/comments?post=4154"}],"version-history":[{"count":3,"href":"https:\/\/yar.deutschetage.ru\/de\/wp-json\/wp\/v2\/posts\/4154\/revisions"}],"predecessor-version":[{"id":4258,"href":"https:\/\/yar.deutschetage.ru\/de\/wp-json\/wp\/v2\/posts\/4154\/revisions\/4258"}],"wp:featuredmedia":[{"embeddable":true,"href":"https:\/\/yar.deutschetage.ru\/de\/wp-json\/wp\/v2\/media\/4155"}],"wp:attachment":[{"href":"https:\/\/yar.deutschetage.ru\/de\/wp-json\/wp\/v2\/media?parent=4154"}],"wp:term":[{"taxonomy":"category","embeddable":true,"href":"https:\/\/yar.deutschetage.ru\/de\/wp-json\/wp\/v2\/categories?post=4154"},{"taxonomy":"post_tag","embeddable":true,"href":"https:\/\/yar.deutschetage.ru\/de\/wp-json\/wp\/v2\/tags?post=4154"}],"curies":[{"name":"wp","href":"https:\/\/api.w.org\/{rel}","templated":true}]}}