{"id":4160,"date":"2024-03-17T17:29:26","date_gmt":"2024-03-17T17:29:26","guid":{"rendered":"https:\/\/yar.deutschetage.ru\/?p=4160"},"modified":"2024-10-21T19:27:20","modified_gmt":"2024-10-21T19:27:20","slug":"mariya-kamneva-gimnaziya-1","status":"publish","type":"post","link":"https:\/\/yar.deutschetage.ru\/de\/mariya-kamneva-gimnaziya-1\/","title":{"rendered":"Marija Kamnjewa, Gymnasium Nr.1"},"content":{"rendered":"\n<figure class=\"wp-block-image size-large\"><img loading=\"lazy\" width=\"1024\" height=\"768\" src=\"https:\/\/yar.deutschetage.ru\/wp-content\/uploads\/2024\/03\/kamneva-mariya-mihajlovna-13-let.-beskonechnaya-istoriya-mou-gimnaziya-\u21161-yaroslavl-1024x768.jpg\" alt=\"\" class=\"wp-image-4161\" srcset=\"https:\/\/yar.deutschetage.ru\/wp-content\/uploads\/2024\/03\/kamneva-mariya-mihajlovna-13-let.-beskonechnaya-istoriya-mou-gimnaziya-\u21161-yaroslavl-1024x768.jpg 1024w, https:\/\/yar.deutschetage.ru\/wp-content\/uploads\/2024\/03\/kamneva-mariya-mihajlovna-13-let.-beskonechnaya-istoriya-mou-gimnaziya-\u21161-yaroslavl-300x225.jpg 300w, https:\/\/yar.deutschetage.ru\/wp-content\/uploads\/2024\/03\/kamneva-mariya-mihajlovna-13-let.-beskonechnaya-istoriya-mou-gimnaziya-\u21161-yaroslavl-768x576.jpg 768w, https:\/\/yar.deutschetage.ru\/wp-content\/uploads\/2024\/03\/kamneva-mariya-mihajlovna-13-let.-beskonechnaya-istoriya-mou-gimnaziya-\u21161-yaroslavl-1536x1152.jpg 1536w, https:\/\/yar.deutschetage.ru\/wp-content\/uploads\/2024\/03\/kamneva-mariya-mihajlovna-13-let.-beskonechnaya-istoriya-mou-gimnaziya-\u21161-yaroslavl-2048x1536.jpg 2048w\" sizes=\"(max-width: 1024px) 100vw, 1024px\" \/><\/figure>\n\n\n\n<p><strong>FEEN-DRACHE<\/strong><br>Geschichte des Spielzeugs<\/p>\n\n\n\n<p>Ich habe eine der Hauptfiguren von Michael Endes \u201eThe NeverEnding Story\u201c gezeichnet. Dabei handelt es sich um einen fl\u00fcgellosen, aber fliegenden Gl\u00fccksdrachen, eine der denkw\u00fcrdigsten Figuren des Films und eine der \u201elebendigsten\u201c Puppen. Bei der Figur handelt es sich um eine 15 Meter hohe Struktur, deren Rahmen aus Flugzeugstahl besteht. Der Hals des Drachen ist 3 Meter lang. Der Kopf des Hundes (dank dessen, dass Falkor zu einem so einpr\u00e4gsamen Charakter wurde) wog 100 kg. Der Kopf der Figur bestand aus 16 beweglichen Teilen, f\u00fcr deren Steuerung 36 Ausr\u00fcstungsgegenst\u00e4nde und ein ganzes Team von Bedienern erforderlich waren. Der K\u00f6rper des Drachen war mit zehntausend Schuppen bedeckt, von denen jede die Gr\u00f6\u00dfe einer Handfl\u00e4che hatte. Dar\u00fcber hinaus war es mit den Haaren einer Angoraziege bedeckt. Falkora wurde von Giuseppe Tortora entworfen, der Kopf wurde jedoch von Arthur Collin erfunden und er musste ihn mehrmals wiederholen, bis dem Regisseur schlie\u00dflich eine der Optionen nicht gefiel. Die \u201ePuppe\u201c in Originalgr\u00f6\u00dfe ist im Museum der Bavaria Filmstudios ausgestellt und jeder kann auf ihrem Hals sitzen. Es wurde auch ein weiteres Modell entwickelt \u2013 ein kleines, 40 cm. Die Entwicklung und Herstellung dauerte sechs Monate, da es sich um eine exakte Kopie einer gro\u00dfen Puppe handeln sollte. F\u00fcr den zweiten Film \u201eThe NeverEnding Story\u201c wurde ein weiteres Modell in Originalgr\u00f6\u00dfe angefertigt. Seine Sch\u00f6pfer mussten den K\u00f6rper des \u201ekleinen\u201c Falkor mit zweitausend stecknadelkopfgro\u00dfen Schuppen bedecken. Anstelle von Angoraziegenhaar wurde Kaninchenfell verwendet. Dieses Modell konnte sich in jede Richtung bewegen und biegen. Es wurde f\u00fcr Szenen verwendet, in denen Falkor alleine in den Himmel fliegt.<\/p>\n","protected":false},"excerpt":{"rendered":"<p>FEEN-DRACHEGeschichte des Spielzeugs Ich habe eine der Hauptfiguren von Michael Endes \u201eThe NeverEnding Story\u201c gezeichnet. Dabei handelt es sich um einen fl\u00fcgellosen, aber fliegenden Gl\u00fccksdrachen, eine der denkw\u00fcrdigsten Figuren des Films und eine der \u201elebendigsten\u201c Puppen. Bei der Figur handelt es sich um eine 15 Meter hohe Struktur, deren Rahmen aus Flugzeugstahl besteht. Der Hals [&hellip;]<\/p>\n","protected":false},"author":2,"featured_media":4161,"comment_status":"closed","ping_status":"open","sticky":false,"template":"","format":"standard","meta":[],"categories":[30],"tags":[],"yoast_head":"<!-- This site is optimized with the Yoast SEO plugin v14.9 - https:\/\/yoast.com\/wordpress\/plugins\/seo\/ -->\n<title>Marija Kamnjewa, Gymnasium Nr.1 - Deutsche Tage in der Region Jaroslawl<\/title>\n<meta name=\"robots\" content=\"index, follow, max-snippet:-1, max-image-preview:large, max-video-preview:-1\" \/>\n<link rel=\"canonical\" href=\"https:\/\/yar.deutschetage.ru\/mariya-kamneva-gimnaziya-1\/\" \/>\n<meta property=\"og:locale\" content=\"de_DE\" \/>\n<meta property=\"og:type\" content=\"article\" \/>\n<meta property=\"og:title\" content=\"Marija Kamnjewa, Gymnasium Nr.1 - Deutsche Tage in der Region Jaroslawl\" \/>\n<meta property=\"og:url\" content=\"https:\/\/yar.deutschetage.ru\/mariya-kamneva-gimnaziya-1\/\" \/>\n<meta property=\"og:site_name\" content=\"Deutsche Tage in der Region Jaroslawl\" \/>\n<meta property=\"article:publisher\" content=\"https:\/\/www.facebook.com\/groups\/druzjagermanii\" \/>\n<meta property=\"article:published_time\" content=\"2024-03-17T17:29:26+00:00\" \/>\n<meta property=\"article:modified_time\" content=\"2024-10-21T19:27:20+00:00\" \/>\n<meta property=\"og:image\" content=\"https:\/\/yar.deutschetage.ru\/wp-content\/uploads\/2024\/03\/kamneva-mariya-mihajlovna-13-let.-beskonechnaya-istoriya-mou-gimnaziya-\u21161-yaroslavl.jpg\" \/>\n\t<meta property=\"og:image:width\" content=\"2080\" \/>\n\t<meta property=\"og:image:height\" content=\"1560\" \/>\n<meta name=\"twitter:card\" content=\"summary_large_image\" \/>\n<script type=\"application\/ld+json\" class=\"yoast-schema-graph\">{\"@context\":\"https:\/\/schema.org\",\"@graph\":[{\"@type\":\"WebSite\",\"@id\":\"https:\/\/yar.deutschetage.ru\/de\/#website\",\"url\":\"https:\/\/yar.deutschetage.ru\/de\/\",\"name\":\"Deutsche Tage in der Region Jaroslawl\",\"description\":\"Wissenschaftliche Fantastik oder fantastische Wissenschaft\",\"potentialAction\":[{\"@type\":\"SearchAction\",\"target\":\"https:\/\/yar.deutschetage.ru\/de\/?s={search_term_string}\",\"query-input\":\"required name=search_term_string\"}],\"inLanguage\":\"de-DE\"},{\"@type\":\"ImageObject\",\"@id\":\"https:\/\/yar.deutschetage.ru\/mariya-kamneva-gimnaziya-1\/#primaryimage\",\"inLanguage\":\"de-DE\",\"url\":\"https:\/\/yar.deutschetage.ru\/wp-content\/uploads\/2024\/03\/kamneva-mariya-mihajlovna-13-let.-beskonechnaya-istoriya-mou-gimnaziya-\\u21161-yaroslavl.jpg\",\"width\":2080,\"height\":1560,\"caption\":\"\\u041c\\u0430\\u0440\\u0438\\u044f \\u041a\\u0430\\u043c\\u043d\\u0435\\u0432\\u0430\"},{\"@type\":\"WebPage\",\"@id\":\"https:\/\/yar.deutschetage.ru\/mariya-kamneva-gimnaziya-1\/#webpage\",\"url\":\"https:\/\/yar.deutschetage.ru\/mariya-kamneva-gimnaziya-1\/\",\"name\":\"Marija Kamnjewa, Gymnasium Nr.1 - Deutsche Tage in der Region Jaroslawl\",\"isPartOf\":{\"@id\":\"https:\/\/yar.deutschetage.ru\/de\/#website\"},\"primaryImageOfPage\":{\"@id\":\"https:\/\/yar.deutschetage.ru\/mariya-kamneva-gimnaziya-1\/#primaryimage\"},\"datePublished\":\"2024-03-17T17:29:26+00:00\",\"dateModified\":\"2024-10-21T19:27:20+00:00\",\"author\":{\"@id\":\"https:\/\/yar.deutschetage.ru\/de\/#\/schema\/person\/4f39fe90cebbcc93ada07890317ab455\"},\"breadcrumb\":{\"@id\":\"https:\/\/yar.deutschetage.ru\/mariya-kamneva-gimnaziya-1\/#breadcrumb\"},\"inLanguage\":\"de-DE\",\"potentialAction\":[{\"@type\":\"ReadAction\",\"target\":[\"https:\/\/yar.deutschetage.ru\/mariya-kamneva-gimnaziya-1\/\"]}]},{\"@type\":\"BreadcrumbList\",\"@id\":\"https:\/\/yar.deutschetage.ru\/mariya-kamneva-gimnaziya-1\/#breadcrumb\",\"itemListElement\":[{\"@type\":\"ListItem\",\"position\":1,\"item\":{\"@type\":\"WebPage\",\"@id\":\"https:\/\/yar.deutschetage.ru\/\",\"url\":\"https:\/\/yar.deutschetage.ru\/\",\"name\":\"\\u0413\\u043b\\u0430\\u0432\\u043d\\u0430\\u044f\"}},{\"@type\":\"ListItem\",\"position\":2,\"item\":{\"@type\":\"WebPage\",\"@id\":\"https:\/\/yar.deutschetage.ru\/mariya-kamneva-gimnaziya-1\/\",\"url\":\"https:\/\/yar.deutschetage.ru\/mariya-kamneva-gimnaziya-1\/\",\"name\":\"\\u041c\\u0430\\u0440\\u0438\\u044f \\u041a\\u0430\\u043c\\u043d\\u0435\\u0432\\u0430, \\u0433\\u0438\\u043c\\u043d\\u0430\\u0437\\u0438\\u044f 1\"}}]},{\"@type\":\"Person\",\"@id\":\"https:\/\/yar.deutschetage.ru\/de\/#\/schema\/person\/4f39fe90cebbcc93ada07890317ab455\",\"name\":\"\\u0412\\u0430\\u043b\\u0435\\u043d\\u0442\\u0438\\u043d\\u0430\",\"image\":{\"@type\":\"ImageObject\",\"@id\":\"https:\/\/yar.deutschetage.ru\/de\/#personlogo\",\"inLanguage\":\"de-DE\",\"url\":\"https:\/\/secure.gravatar.com\/avatar\/1fe39c6a447b1a4ad661671d48304a9e?s=96&d=mm&r=g\",\"caption\":\"\\u0412\\u0430\\u043b\\u0435\\u043d\\u0442\\u0438\\u043d\\u0430\"}}]}<\/script>\n<!-- \/ Yoast SEO plugin. -->","_links":{"self":[{"href":"https:\/\/yar.deutschetage.ru\/de\/wp-json\/wp\/v2\/posts\/4160"}],"collection":[{"href":"https:\/\/yar.deutschetage.ru\/de\/wp-json\/wp\/v2\/posts"}],"about":[{"href":"https:\/\/yar.deutschetage.ru\/de\/wp-json\/wp\/v2\/types\/post"}],"author":[{"embeddable":true,"href":"https:\/\/yar.deutschetage.ru\/de\/wp-json\/wp\/v2\/users\/2"}],"replies":[{"embeddable":true,"href":"https:\/\/yar.deutschetage.ru\/de\/wp-json\/wp\/v2\/comments?post=4160"}],"version-history":[{"count":4,"href":"https:\/\/yar.deutschetage.ru\/de\/wp-json\/wp\/v2\/posts\/4160\/revisions"}],"predecessor-version":[{"id":4249,"href":"https:\/\/yar.deutschetage.ru\/de\/wp-json\/wp\/v2\/posts\/4160\/revisions\/4249"}],"wp:featuredmedia":[{"embeddable":true,"href":"https:\/\/yar.deutschetage.ru\/de\/wp-json\/wp\/v2\/media\/4161"}],"wp:attachment":[{"href":"https:\/\/yar.deutschetage.ru\/de\/wp-json\/wp\/v2\/media?parent=4160"}],"wp:term":[{"taxonomy":"category","embeddable":true,"href":"https:\/\/yar.deutschetage.ru\/de\/wp-json\/wp\/v2\/categories?post=4160"},{"taxonomy":"post_tag","embeddable":true,"href":"https:\/\/yar.deutschetage.ru\/de\/wp-json\/wp\/v2\/tags?post=4160"}],"curies":[{"name":"wp","href":"https:\/\/api.w.org\/{rel}","templated":true}]}}