{"id":4163,"date":"2024-03-17T17:32:02","date_gmt":"2024-03-17T17:32:02","guid":{"rendered":"https:\/\/yar.deutschetage.ru\/?p=4163"},"modified":"2024-10-21T19:26:30","modified_gmt":"2024-10-21T19:26:30","slug":"kirill-krivosheya-gimnaziya-1","status":"publish","type":"post","link":"https:\/\/yar.deutschetage.ru\/de\/kirill-krivosheya-gimnaziya-1\/","title":{"rendered":"Kirill Krowoscheja, Gymnasium Nr.1"},"content":{"rendered":"\n<figure class=\"wp-block-image size-large\"><img loading=\"lazy\" width=\"1024\" height=\"768\" src=\"https:\/\/yar.deutschetage.ru\/wp-content\/uploads\/2024\/03\/krivosheya-kirill-aleksandrovich-13-let-u\u0308ber-allen-gipfeln-ist-ruh-gornye-vershiny-spyat-vo-tme-nochnoj-mou-gimnaziya-\u21161-yaroslavl-1024x768.jpg\" alt=\"\" class=\"wp-image-4164\" srcset=\"https:\/\/yar.deutschetage.ru\/wp-content\/uploads\/2024\/03\/krivosheya-kirill-aleksandrovich-13-let-u\u0308ber-allen-gipfeln-ist-ruh-gornye-vershiny-spyat-vo-tme-nochnoj-mou-gimnaziya-\u21161-yaroslavl-1024x768.jpg 1024w, https:\/\/yar.deutschetage.ru\/wp-content\/uploads\/2024\/03\/krivosheya-kirill-aleksandrovich-13-let-u\u0308ber-allen-gipfeln-ist-ruh-gornye-vershiny-spyat-vo-tme-nochnoj-mou-gimnaziya-\u21161-yaroslavl-300x225.jpg 300w, https:\/\/yar.deutschetage.ru\/wp-content\/uploads\/2024\/03\/krivosheya-kirill-aleksandrovich-13-let-u\u0308ber-allen-gipfeln-ist-ruh-gornye-vershiny-spyat-vo-tme-nochnoj-mou-gimnaziya-\u21161-yaroslavl-768x576.jpg 768w, https:\/\/yar.deutschetage.ru\/wp-content\/uploads\/2024\/03\/krivosheya-kirill-aleksandrovich-13-let-u\u0308ber-allen-gipfeln-ist-ruh-gornye-vershiny-spyat-vo-tme-nochnoj-mou-gimnaziya-\u21161-yaroslavl-1536x1152.jpg 1536w, https:\/\/yar.deutschetage.ru\/wp-content\/uploads\/2024\/03\/krivosheya-kirill-aleksandrovich-13-let-u\u0308ber-allen-gipfeln-ist-ruh-gornye-vershiny-spyat-vo-tme-nochnoj-mou-gimnaziya-\u21161-yaroslavl-2048x1536.jpg 2048w\" sizes=\"(max-width: 1024px) 100vw, 1024px\" \/><\/figure>\n\n\n\n<p>\u00ab<strong>\u00dcBER ALLEN GIPFELN IST RUH\u00bb <\/strong><\/p>\n\n\n\n<p>Meine Zeichnung zeigt Berge bei der Nacht_ wie Goethe sie beschreibt.<\/p>\n\n\n\n<p>\u00dcber allen Gipfeln<br>Ist Ruh,<br>In allen Wipfeln<br>Sp\u00fcrest du<br>Kaum einen Hauch;<br>Die V\u00f6gelein schweigen im Walde.<br>Warte nur, balde<br>Ruhest du auch.<br>Die Berge schlafen, ringsum herrscht Stille, der Mond scheint \u00fcber den Gipfeln der Berge.<\/p>\n\n\n\n<p><\/p>\n","protected":false},"excerpt":{"rendered":"<p>\u00ab\u00dcBER ALLEN GIPFELN IST RUH\u00bb Meine Zeichnung zeigt Berge bei der Nacht_ wie Goethe sie beschreibt. \u00dcber allen GipfelnIst Ruh,In allen WipfelnSp\u00fcrest duKaum einen Hauch;Die V\u00f6gelein schweigen im Walde.Warte nur, baldeRuhest du auch.Die Berge schlafen, ringsum herrscht Stille, der Mond scheint \u00fcber den Gipfeln der Berge.<\/p>\n","protected":false},"author":2,"featured_media":4164,"comment_status":"closed","ping_status":"open","sticky":false,"template":"","format":"standard","meta":[],"categories":[30],"tags":[],"yoast_head":"<!-- This site is optimized with the Yoast SEO plugin v14.9 - https:\/\/yoast.com\/wordpress\/plugins\/seo\/ -->\n<title>Kirill Krowoscheja, Gymnasium Nr.1 - Deutsche Tage in der Region Jaroslawl<\/title>\n<meta name=\"robots\" content=\"index, follow, max-snippet:-1, max-image-preview:large, max-video-preview:-1\" \/>\n<link rel=\"canonical\" href=\"https:\/\/yar.deutschetage.ru\/kirill-krivosheya-gimnaziya-1\/\" \/>\n<meta property=\"og:locale\" content=\"de_DE\" \/>\n<meta property=\"og:type\" content=\"article\" \/>\n<meta property=\"og:title\" content=\"Kirill Krowoscheja, Gymnasium Nr.1 - Deutsche Tage in der Region Jaroslawl\" \/>\n<meta property=\"og:url\" content=\"https:\/\/yar.deutschetage.ru\/kirill-krivosheya-gimnaziya-1\/\" \/>\n<meta property=\"og:site_name\" content=\"Deutsche Tage in der Region Jaroslawl\" \/>\n<meta property=\"article:publisher\" content=\"https:\/\/www.facebook.com\/groups\/druzjagermanii\" \/>\n<meta property=\"article:published_time\" content=\"2024-03-17T17:32:02+00:00\" \/>\n<meta property=\"article:modified_time\" content=\"2024-10-21T19:26:30+00:00\" \/>\n<meta property=\"og:image\" content=\"https:\/\/yar.deutschetage.ru\/wp-content\/uploads\/2024\/03\/krivosheya-kirill-aleksandrovich-13-let-u\u0308ber-allen-gipfeln-ist-ruh-gornye-vershiny-spyat-vo-tme-nochnoj-mou-gimnaziya-\u21161-yaroslavl.jpg\" \/>\n\t<meta property=\"og:image:width\" content=\"2080\" \/>\n\t<meta property=\"og:image:height\" content=\"1560\" \/>\n<meta name=\"twitter:card\" content=\"summary_large_image\" \/>\n<script type=\"application\/ld+json\" class=\"yoast-schema-graph\">{\"@context\":\"https:\/\/schema.org\",\"@graph\":[{\"@type\":\"WebSite\",\"@id\":\"https:\/\/yar.deutschetage.ru\/de\/#website\",\"url\":\"https:\/\/yar.deutschetage.ru\/de\/\",\"name\":\"Deutsche Tage in der Region Jaroslawl\",\"description\":\"Wissenschaftliche Fantastik oder fantastische Wissenschaft\",\"potentialAction\":[{\"@type\":\"SearchAction\",\"target\":\"https:\/\/yar.deutschetage.ru\/de\/?s={search_term_string}\",\"query-input\":\"required name=search_term_string\"}],\"inLanguage\":\"de-DE\"},{\"@type\":\"ImageObject\",\"@id\":\"https:\/\/yar.deutschetage.ru\/kirill-krivosheya-gimnaziya-1\/#primaryimage\",\"inLanguage\":\"de-DE\",\"url\":\"https:\/\/yar.deutschetage.ru\/wp-content\/uploads\/2024\/03\/krivosheya-kirill-aleksandrovich-13-let-u\\u0308ber-allen-gipfeln-ist-ruh-gornye-vershiny-spyat-vo-tme-nochnoj-mou-gimnaziya-\\u21161-yaroslavl.jpg\",\"width\":2080,\"height\":1560,\"caption\":\"\\u041a\\u0438\\u0440\\u0438\\u043b\\u043b \\u041a\\u0440\\u0438\\u0432\\u043e\\u0448\\u0435\\u044f\"},{\"@type\":\"WebPage\",\"@id\":\"https:\/\/yar.deutschetage.ru\/kirill-krivosheya-gimnaziya-1\/#webpage\",\"url\":\"https:\/\/yar.deutschetage.ru\/kirill-krivosheya-gimnaziya-1\/\",\"name\":\"Kirill Krowoscheja, Gymnasium Nr.1 - Deutsche Tage in der Region Jaroslawl\",\"isPartOf\":{\"@id\":\"https:\/\/yar.deutschetage.ru\/de\/#website\"},\"primaryImageOfPage\":{\"@id\":\"https:\/\/yar.deutschetage.ru\/kirill-krivosheya-gimnaziya-1\/#primaryimage\"},\"datePublished\":\"2024-03-17T17:32:02+00:00\",\"dateModified\":\"2024-10-21T19:26:30+00:00\",\"author\":{\"@id\":\"https:\/\/yar.deutschetage.ru\/de\/#\/schema\/person\/4f39fe90cebbcc93ada07890317ab455\"},\"breadcrumb\":{\"@id\":\"https:\/\/yar.deutschetage.ru\/kirill-krivosheya-gimnaziya-1\/#breadcrumb\"},\"inLanguage\":\"de-DE\",\"potentialAction\":[{\"@type\":\"ReadAction\",\"target\":[\"https:\/\/yar.deutschetage.ru\/kirill-krivosheya-gimnaziya-1\/\"]}]},{\"@type\":\"BreadcrumbList\",\"@id\":\"https:\/\/yar.deutschetage.ru\/kirill-krivosheya-gimnaziya-1\/#breadcrumb\",\"itemListElement\":[{\"@type\":\"ListItem\",\"position\":1,\"item\":{\"@type\":\"WebPage\",\"@id\":\"https:\/\/yar.deutschetage.ru\/\",\"url\":\"https:\/\/yar.deutschetage.ru\/\",\"name\":\"\\u0413\\u043b\\u0430\\u0432\\u043d\\u0430\\u044f\"}},{\"@type\":\"ListItem\",\"position\":2,\"item\":{\"@type\":\"WebPage\",\"@id\":\"https:\/\/yar.deutschetage.ru\/kirill-krivosheya-gimnaziya-1\/\",\"url\":\"https:\/\/yar.deutschetage.ru\/kirill-krivosheya-gimnaziya-1\/\",\"name\":\"\\u041a\\u0438\\u0440\\u0438\\u043b\\u043b \\u041a\\u0440\\u0438\\u0432\\u043e\\u0448\\u0435\\u044f, \\u0433\\u0438\\u043c\\u043d\\u0430\\u0437\\u0438\\u044f 1\"}}]},{\"@type\":\"Person\",\"@id\":\"https:\/\/yar.deutschetage.ru\/de\/#\/schema\/person\/4f39fe90cebbcc93ada07890317ab455\",\"name\":\"\\u0412\\u0430\\u043b\\u0435\\u043d\\u0442\\u0438\\u043d\\u0430\",\"image\":{\"@type\":\"ImageObject\",\"@id\":\"https:\/\/yar.deutschetage.ru\/de\/#personlogo\",\"inLanguage\":\"de-DE\",\"url\":\"https:\/\/secure.gravatar.com\/avatar\/1fe39c6a447b1a4ad661671d48304a9e?s=96&d=mm&r=g\",\"caption\":\"\\u0412\\u0430\\u043b\\u0435\\u043d\\u0442\\u0438\\u043d\\u0430\"}}]}<\/script>\n<!-- \/ Yoast SEO plugin. -->","_links":{"self":[{"href":"https:\/\/yar.deutschetage.ru\/de\/wp-json\/wp\/v2\/posts\/4163"}],"collection":[{"href":"https:\/\/yar.deutschetage.ru\/de\/wp-json\/wp\/v2\/posts"}],"about":[{"href":"https:\/\/yar.deutschetage.ru\/de\/wp-json\/wp\/v2\/types\/post"}],"author":[{"embeddable":true,"href":"https:\/\/yar.deutschetage.ru\/de\/wp-json\/wp\/v2\/users\/2"}],"replies":[{"embeddable":true,"href":"https:\/\/yar.deutschetage.ru\/de\/wp-json\/wp\/v2\/comments?post=4163"}],"version-history":[{"count":3,"href":"https:\/\/yar.deutschetage.ru\/de\/wp-json\/wp\/v2\/posts\/4163\/revisions"}],"predecessor-version":[{"id":4244,"href":"https:\/\/yar.deutschetage.ru\/de\/wp-json\/wp\/v2\/posts\/4163\/revisions\/4244"}],"wp:featuredmedia":[{"embeddable":true,"href":"https:\/\/yar.deutschetage.ru\/de\/wp-json\/wp\/v2\/media\/4164"}],"wp:attachment":[{"href":"https:\/\/yar.deutschetage.ru\/de\/wp-json\/wp\/v2\/media?parent=4163"}],"wp:term":[{"taxonomy":"category","embeddable":true,"href":"https:\/\/yar.deutschetage.ru\/de\/wp-json\/wp\/v2\/categories?post=4163"},{"taxonomy":"post_tag","embeddable":true,"href":"https:\/\/yar.deutschetage.ru\/de\/wp-json\/wp\/v2\/tags?post=4163"}],"curies":[{"name":"wp","href":"https:\/\/api.w.org\/{rel}","templated":true}]}}