{"id":4169,"date":"2024-03-17T17:39:18","date_gmt":"2024-03-17T17:39:18","guid":{"rendered":"https:\/\/yar.deutschetage.ru\/?p=4169"},"modified":"2024-10-21T19:24:50","modified_gmt":"2024-10-21T19:24:50","slug":"sofya-perfileva-ggimnaziya-1","status":"publish","type":"post","link":"https:\/\/yar.deutschetage.ru\/de\/sofya-perfileva-ggimnaziya-1\/","title":{"rendered":"Sofja Perfiljewa, Gymnasium Nr.1"},"content":{"rendered":"\n<figure class=\"wp-block-image size-large\"><img loading=\"lazy\" width=\"1024\" height=\"768\" src=\"https:\/\/yar.deutschetage.ru\/wp-content\/uploads\/2024\/03\/perfileva-sofya-dmitrievna-13-let-reineke-fuchsrejneke-lis-mou-gimnaziya-\u21161-yaroslavl-1024x768.jpg\" alt=\"\" class=\"wp-image-4170\" srcset=\"https:\/\/yar.deutschetage.ru\/wp-content\/uploads\/2024\/03\/perfileva-sofya-dmitrievna-13-let-reineke-fuchsrejneke-lis-mou-gimnaziya-\u21161-yaroslavl-1024x768.jpg 1024w, https:\/\/yar.deutschetage.ru\/wp-content\/uploads\/2024\/03\/perfileva-sofya-dmitrievna-13-let-reineke-fuchsrejneke-lis-mou-gimnaziya-\u21161-yaroslavl-300x225.jpg 300w, https:\/\/yar.deutschetage.ru\/wp-content\/uploads\/2024\/03\/perfileva-sofya-dmitrievna-13-let-reineke-fuchsrejneke-lis-mou-gimnaziya-\u21161-yaroslavl-768x576.jpg 768w, https:\/\/yar.deutschetage.ru\/wp-content\/uploads\/2024\/03\/perfileva-sofya-dmitrievna-13-let-reineke-fuchsrejneke-lis-mou-gimnaziya-\u21161-yaroslavl-1536x1152.jpg 1536w, https:\/\/yar.deutschetage.ru\/wp-content\/uploads\/2024\/03\/perfileva-sofya-dmitrievna-13-let-reineke-fuchsrejneke-lis-mou-gimnaziya-\u21161-yaroslavl-2048x1536.jpg 2048w\" sizes=\"(max-width: 1024px) 100vw, 1024px\" \/><\/figure>\n\n\n\n<p><strong>REINECKE DER FUCHS<\/strong><\/p>\n\n\n\n<p>Leuchtend rotes Fell, ein langer, flauschiger Wirt und eine listige Schnauze \u2013 diese Fuchsmerkmale k\u00f6nnen niemanden gleichg\u00fcltig lassen. Ich mag diese Tiere wirklich, deshalb habe ich beschlossen, die ber\u00fchmtesten literarischen F\u00fcchse kennenzulernen. Meine Wahl fiel auf das Gedichtm\u00e4rchen \u201eReinecke der Fuchs\u201c. Es wurde Ende des 18. Jahrhunderts vom gro\u00dfen deutschen Dichter Johann Wolfgang von Goethe geschrieben.<br>Die Geschichte basiert auf mittelalterlichen Geschichten \u00fcber den schlauen Fuchs. Der Fuchs Reinecke, die Hauptfigur des Werkes, versteht es geschickt zu t\u00e4uschen. Er hat ein ausgezeichnetes Verst\u00e4ndnis f\u00fcr die W\u00fcnsche und Schw\u00e4chen seiner Gegner und erfindet daher leicht gef\u00e4hrliche Fallen f\u00fcr sie. Als die Gr\u00e4ueltaten des rothaarigen Schurken bewiesen wurden, sollte er geh\u00e4ngt werden. Aber auch auf dem Schafott verlor der Held nicht seine Geistesgegenwart und seinen Einfallsreichtum \u2013 es gelang ihm, die Dinge so umzudrehen, dass der K\u00f6nig seinen Worten glaubte und seine treuen Diener bestrafte.<br>Eine ungew\u00f6hnliche Geschichte \u00fcber einen schlauen Mann und einen Schurken, der immer ungeschoren davonkam \u2013 eine Satire \u00fcber Menschen und ihre Laster. Gegen\u00fcber Reineke herrscht eine ambivalente Haltung. Einerseits ist er ein Betr\u00fcger und L\u00fcgner, der eine Strafe verdient. Aber andererseits fesseln und bringen seine raffinierten und urkomischen Erfindungen einen zum Lachen.<br>Und noch eine interessante Tatsache. In Deutschland werden (der Legende nach) die lesenden Menschen in drei Typen eingeteilt: den B\u00fccherwurm, den B\u00fccherfuchs und die B\u00fccherratte.<br>Ein B\u00fccherwurm liest alles und lebt einfach f\u00fcr B\u00fccher. Die B\u00fccherratte liest viel und schnell, ohne sich wirklich mit dem Sinn auseinanderzusetzen. Doch der B\u00fccherfuchs erschn\u00fcffelt interessante B\u00fccher und liest nur, was wirklich interessant ist. Von ihm kann man lesen lernen, deshalb ist er der Held meines Plakats zur deutschen Literatur.<\/p>\n","protected":false},"excerpt":{"rendered":"<p>REINECKE DER FUCHS Leuchtend rotes Fell, ein langer, flauschiger Wirt und eine listige Schnauze \u2013 diese Fuchsmerkmale k\u00f6nnen niemanden gleichg\u00fcltig lassen. Ich mag diese Tiere wirklich, deshalb habe ich beschlossen, die ber\u00fchmtesten literarischen F\u00fcchse kennenzulernen. Meine Wahl fiel auf das Gedichtm\u00e4rchen \u201eReinecke der Fuchs\u201c. Es wurde Ende des 18. Jahrhunderts vom gro\u00dfen deutschen Dichter Johann [&hellip;]<\/p>\n","protected":false},"author":2,"featured_media":4170,"comment_status":"closed","ping_status":"open","sticky":false,"template":"","format":"standard","meta":[],"categories":[30],"tags":[],"yoast_head":"<!-- This site is optimized with the Yoast SEO plugin v14.9 - https:\/\/yoast.com\/wordpress\/plugins\/seo\/ -->\n<title>Sofja Perfiljewa, Gymnasium Nr.1 - Deutsche Tage in der Region Jaroslawl<\/title>\n<meta name=\"robots\" content=\"index, follow, max-snippet:-1, max-image-preview:large, max-video-preview:-1\" \/>\n<link rel=\"canonical\" href=\"https:\/\/yar.deutschetage.ru\/sofya-perfileva-ggimnaziya-1\/\" \/>\n<meta property=\"og:locale\" content=\"de_DE\" \/>\n<meta property=\"og:type\" content=\"article\" \/>\n<meta property=\"og:title\" content=\"Sofja Perfiljewa, Gymnasium Nr.1 - Deutsche Tage in der Region Jaroslawl\" \/>\n<meta property=\"og:url\" content=\"https:\/\/yar.deutschetage.ru\/sofya-perfileva-ggimnaziya-1\/\" \/>\n<meta property=\"og:site_name\" content=\"Deutsche Tage in der Region Jaroslawl\" \/>\n<meta property=\"article:publisher\" content=\"https:\/\/www.facebook.com\/groups\/druzjagermanii\" \/>\n<meta property=\"article:published_time\" content=\"2024-03-17T17:39:18+00:00\" \/>\n<meta property=\"article:modified_time\" content=\"2024-10-21T19:24:50+00:00\" \/>\n<meta property=\"og:image\" content=\"https:\/\/yar.deutschetage.ru\/wp-content\/uploads\/2024\/03\/perfileva-sofya-dmitrievna-13-let-reineke-fuchsrejneke-lis-mou-gimnaziya-\u21161-yaroslavl.jpg\" \/>\n\t<meta property=\"og:image:width\" content=\"2080\" \/>\n\t<meta property=\"og:image:height\" content=\"1560\" \/>\n<meta name=\"twitter:card\" content=\"summary_large_image\" \/>\n<script type=\"application\/ld+json\" class=\"yoast-schema-graph\">{\"@context\":\"https:\/\/schema.org\",\"@graph\":[{\"@type\":\"WebSite\",\"@id\":\"https:\/\/yar.deutschetage.ru\/de\/#website\",\"url\":\"https:\/\/yar.deutschetage.ru\/de\/\",\"name\":\"Deutsche Tage in der Region Jaroslawl\",\"description\":\"Wissenschaftliche Fantastik oder fantastische Wissenschaft\",\"potentialAction\":[{\"@type\":\"SearchAction\",\"target\":\"https:\/\/yar.deutschetage.ru\/de\/?s={search_term_string}\",\"query-input\":\"required name=search_term_string\"}],\"inLanguage\":\"de-DE\"},{\"@type\":\"ImageObject\",\"@id\":\"https:\/\/yar.deutschetage.ru\/sofya-perfileva-ggimnaziya-1\/#primaryimage\",\"inLanguage\":\"de-DE\",\"url\":\"https:\/\/yar.deutschetage.ru\/wp-content\/uploads\/2024\/03\/perfileva-sofya-dmitrievna-13-let-reineke-fuchsrejneke-lis-mou-gimnaziya-\\u21161-yaroslavl.jpg\",\"width\":2080,\"height\":1560,\"caption\":\"\\u0421\\u043e\\u0444\\u044c\\u044f \\u041f\\u0435\\u0440\\u0444\\u0438\\u043b\\u044c\\u0435\\u0432\\u0430\"},{\"@type\":\"WebPage\",\"@id\":\"https:\/\/yar.deutschetage.ru\/sofya-perfileva-ggimnaziya-1\/#webpage\",\"url\":\"https:\/\/yar.deutschetage.ru\/sofya-perfileva-ggimnaziya-1\/\",\"name\":\"Sofja Perfiljewa, Gymnasium Nr.1 - Deutsche Tage in der Region Jaroslawl\",\"isPartOf\":{\"@id\":\"https:\/\/yar.deutschetage.ru\/de\/#website\"},\"primaryImageOfPage\":{\"@id\":\"https:\/\/yar.deutschetage.ru\/sofya-perfileva-ggimnaziya-1\/#primaryimage\"},\"datePublished\":\"2024-03-17T17:39:18+00:00\",\"dateModified\":\"2024-10-21T19:24:50+00:00\",\"author\":{\"@id\":\"https:\/\/yar.deutschetage.ru\/de\/#\/schema\/person\/4f39fe90cebbcc93ada07890317ab455\"},\"breadcrumb\":{\"@id\":\"https:\/\/yar.deutschetage.ru\/sofya-perfileva-ggimnaziya-1\/#breadcrumb\"},\"inLanguage\":\"de-DE\",\"potentialAction\":[{\"@type\":\"ReadAction\",\"target\":[\"https:\/\/yar.deutschetage.ru\/sofya-perfileva-ggimnaziya-1\/\"]}]},{\"@type\":\"BreadcrumbList\",\"@id\":\"https:\/\/yar.deutschetage.ru\/sofya-perfileva-ggimnaziya-1\/#breadcrumb\",\"itemListElement\":[{\"@type\":\"ListItem\",\"position\":1,\"item\":{\"@type\":\"WebPage\",\"@id\":\"https:\/\/yar.deutschetage.ru\/\",\"url\":\"https:\/\/yar.deutschetage.ru\/\",\"name\":\"\\u0413\\u043b\\u0430\\u0432\\u043d\\u0430\\u044f\"}},{\"@type\":\"ListItem\",\"position\":2,\"item\":{\"@type\":\"WebPage\",\"@id\":\"https:\/\/yar.deutschetage.ru\/sofya-perfileva-ggimnaziya-1\/\",\"url\":\"https:\/\/yar.deutschetage.ru\/sofya-perfileva-ggimnaziya-1\/\",\"name\":\"\\u0421\\u043e\\u0444\\u044c\\u044f \\u041f\\u0435\\u0440\\u0444\\u0438\\u043b\\u044c\\u0435\\u0432\\u0430, \\u0433\\u0433\\u0438\\u043c\\u043d\\u0430\\u0437\\u0438\\u044f 1\"}}]},{\"@type\":\"Person\",\"@id\":\"https:\/\/yar.deutschetage.ru\/de\/#\/schema\/person\/4f39fe90cebbcc93ada07890317ab455\",\"name\":\"\\u0412\\u0430\\u043b\\u0435\\u043d\\u0442\\u0438\\u043d\\u0430\",\"image\":{\"@type\":\"ImageObject\",\"@id\":\"https:\/\/yar.deutschetage.ru\/de\/#personlogo\",\"inLanguage\":\"de-DE\",\"url\":\"https:\/\/secure.gravatar.com\/avatar\/1fe39c6a447b1a4ad661671d48304a9e?s=96&d=mm&r=g\",\"caption\":\"\\u0412\\u0430\\u043b\\u0435\\u043d\\u0442\\u0438\\u043d\\u0430\"}}]}<\/script>\n<!-- \/ Yoast SEO plugin. -->","_links":{"self":[{"href":"https:\/\/yar.deutschetage.ru\/de\/wp-json\/wp\/v2\/posts\/4169"}],"collection":[{"href":"https:\/\/yar.deutschetage.ru\/de\/wp-json\/wp\/v2\/posts"}],"about":[{"href":"https:\/\/yar.deutschetage.ru\/de\/wp-json\/wp\/v2\/types\/post"}],"author":[{"embeddable":true,"href":"https:\/\/yar.deutschetage.ru\/de\/wp-json\/wp\/v2\/users\/2"}],"replies":[{"embeddable":true,"href":"https:\/\/yar.deutschetage.ru\/de\/wp-json\/wp\/v2\/comments?post=4169"}],"version-history":[{"count":3,"href":"https:\/\/yar.deutschetage.ru\/de\/wp-json\/wp\/v2\/posts\/4169\/revisions"}],"predecessor-version":[{"id":4239,"href":"https:\/\/yar.deutschetage.ru\/de\/wp-json\/wp\/v2\/posts\/4169\/revisions\/4239"}],"wp:featuredmedia":[{"embeddable":true,"href":"https:\/\/yar.deutschetage.ru\/de\/wp-json\/wp\/v2\/media\/4170"}],"wp:attachment":[{"href":"https:\/\/yar.deutschetage.ru\/de\/wp-json\/wp\/v2\/media?parent=4169"}],"wp:term":[{"taxonomy":"category","embeddable":true,"href":"https:\/\/yar.deutschetage.ru\/de\/wp-json\/wp\/v2\/categories?post=4169"},{"taxonomy":"post_tag","embeddable":true,"href":"https:\/\/yar.deutschetage.ru\/de\/wp-json\/wp\/v2\/tags?post=4169"}],"curies":[{"name":"wp","href":"https:\/\/api.w.org\/{rel}","templated":true}]}}