{"id":4187,"date":"2024-03-17T17:53:55","date_gmt":"2024-03-17T17:53:55","guid":{"rendered":"https:\/\/yar.deutschetage.ru\/?p=4187"},"modified":"2024-10-21T19:16:55","modified_gmt":"2024-10-21T19:16:55","slug":"sofya-kamyshenczeva-gimnaziya-1","status":"publish","type":"post","link":"https:\/\/yar.deutschetage.ru\/de\/sofya-kamyshenczeva-gimnaziya-1\/","title":{"rendered":"Sofia Kamyschenzewa, Gymnasium Nr.1"},"content":{"rendered":"\n<figure class=\"wp-block-image size-large\"><img loading=\"lazy\" width=\"768\" height=\"1024\" src=\"https:\/\/yar.deutschetage.ru\/wp-content\/uploads\/2024\/03\/kamyshenczeva-sofya-sergeevna-12-let.-verzweifelt-mutig-otchayanno-hrabryjmou-gimnaziya-\u21161-yaroslavl-768x1024.jpg\" alt=\"\" class=\"wp-image-4188\" srcset=\"https:\/\/yar.deutschetage.ru\/wp-content\/uploads\/2024\/03\/kamyshenczeva-sofya-sergeevna-12-let.-verzweifelt-mutig-otchayanno-hrabryjmou-gimnaziya-\u21161-yaroslavl-768x1024.jpg 768w, https:\/\/yar.deutschetage.ru\/wp-content\/uploads\/2024\/03\/kamyshenczeva-sofya-sergeevna-12-let.-verzweifelt-mutig-otchayanno-hrabryjmou-gimnaziya-\u21161-yaroslavl-225x300.jpg 225w, https:\/\/yar.deutschetage.ru\/wp-content\/uploads\/2024\/03\/kamyshenczeva-sofya-sergeevna-12-let.-verzweifelt-mutig-otchayanno-hrabryjmou-gimnaziya-\u21161-yaroslavl-1152x1536.jpg 1152w, https:\/\/yar.deutschetage.ru\/wp-content\/uploads\/2024\/03\/kamyshenczeva-sofya-sergeevna-12-let.-verzweifelt-mutig-otchayanno-hrabryjmou-gimnaziya-\u21161-yaroslavl-1536x2048.jpg 1536w, https:\/\/yar.deutschetage.ru\/wp-content\/uploads\/2024\/03\/kamyshenczeva-sofya-sergeevna-12-let.-verzweifelt-mutig-otchayanno-hrabryjmou-gimnaziya-\u21161-yaroslavl.jpg 1560w\" sizes=\"(max-width: 768px) 100vw, 768px\" \/><\/figure>\n\n\n\n<p><strong>VERZWEIFELT MUTIG<\/strong><\/p>\n\n\n\n<p>Der deutsche Dichter Friedrich Schiller hat mir sehr gut gefallen. Er inspiriert Menschen mit seinen weisen Spr\u00fcchen. Meiner Meinung nach ist seine beste Aussage: \u201eSt\u00e4rker als alle Siege ist die Vergebung.\u201c Es scheint mir, dass dies richtig ist. Die F\u00e4higkeit zu vergeben zeugt von der Gro\u00dfz\u00fcgigkeit und dem Adel eines Menschen. Ich beschloss, ein anmutiges Portr\u00e4t dieses edlen Dichters zu zeichnen und es \u201eVerzweifelt mutig\u201c zu nennen, da Friedrich Schiller in seinen Werken den Wunsch nach Freiheit und die Bekr\u00e4ftigung der Menschenw\u00fcrde verherrlichte.<\/p>\n","protected":false},"excerpt":{"rendered":"<p>VERZWEIFELT MUTIG Der deutsche Dichter Friedrich Schiller hat mir sehr gut gefallen. Er inspiriert Menschen mit seinen weisen Spr\u00fcchen. Meiner Meinung nach ist seine beste Aussage: \u201eSt\u00e4rker als alle Siege ist die Vergebung.\u201c Es scheint mir, dass dies richtig ist. Die F\u00e4higkeit zu vergeben zeugt von der Gro\u00dfz\u00fcgigkeit und dem Adel eines Menschen. Ich beschloss, [&hellip;]<\/p>\n","protected":false},"author":2,"featured_media":4188,"comment_status":"closed","ping_status":"open","sticky":false,"template":"","format":"standard","meta":[],"categories":[30],"tags":[],"yoast_head":"<!-- This site is optimized with the Yoast SEO plugin v14.9 - https:\/\/yoast.com\/wordpress\/plugins\/seo\/ -->\n<title>Sofia Kamyschenzewa, Gymnasium Nr.1 - Deutsche Tage in der Region Jaroslawl<\/title>\n<meta name=\"robots\" content=\"index, follow, max-snippet:-1, max-image-preview:large, max-video-preview:-1\" \/>\n<link rel=\"canonical\" href=\"https:\/\/yar.deutschetage.ru\/sofya-kamyshenczeva-gimnaziya-1\/\" \/>\n<meta property=\"og:locale\" content=\"de_DE\" \/>\n<meta property=\"og:type\" content=\"article\" \/>\n<meta property=\"og:title\" content=\"Sofia Kamyschenzewa, Gymnasium Nr.1 - Deutsche Tage in der Region Jaroslawl\" \/>\n<meta property=\"og:url\" content=\"https:\/\/yar.deutschetage.ru\/sofya-kamyshenczeva-gimnaziya-1\/\" \/>\n<meta property=\"og:site_name\" content=\"Deutsche Tage in der Region Jaroslawl\" \/>\n<meta property=\"article:publisher\" content=\"https:\/\/www.facebook.com\/groups\/druzjagermanii\" \/>\n<meta property=\"article:published_time\" content=\"2024-03-17T17:53:55+00:00\" \/>\n<meta property=\"article:modified_time\" content=\"2024-10-21T19:16:55+00:00\" \/>\n<meta property=\"og:image\" content=\"https:\/\/yar.deutschetage.ru\/wp-content\/uploads\/2024\/03\/kamyshenczeva-sofya-sergeevna-12-let.-verzweifelt-mutig-otchayanno-hrabryjmou-gimnaziya-\u21161-yaroslavl.jpg\" \/>\n\t<meta property=\"og:image:width\" content=\"1560\" \/>\n\t<meta property=\"og:image:height\" content=\"2080\" \/>\n<meta name=\"twitter:card\" content=\"summary_large_image\" \/>\n<script type=\"application\/ld+json\" class=\"yoast-schema-graph\">{\"@context\":\"https:\/\/schema.org\",\"@graph\":[{\"@type\":\"WebSite\",\"@id\":\"https:\/\/yar.deutschetage.ru\/de\/#website\",\"url\":\"https:\/\/yar.deutschetage.ru\/de\/\",\"name\":\"Deutsche Tage in der Region Jaroslawl\",\"description\":\"Wissenschaftliche Fantastik oder fantastische Wissenschaft\",\"potentialAction\":[{\"@type\":\"SearchAction\",\"target\":\"https:\/\/yar.deutschetage.ru\/de\/?s={search_term_string}\",\"query-input\":\"required name=search_term_string\"}],\"inLanguage\":\"de-DE\"},{\"@type\":\"ImageObject\",\"@id\":\"https:\/\/yar.deutschetage.ru\/sofya-kamyshenczeva-gimnaziya-1\/#primaryimage\",\"inLanguage\":\"de-DE\",\"url\":\"https:\/\/yar.deutschetage.ru\/wp-content\/uploads\/2024\/03\/kamyshenczeva-sofya-sergeevna-12-let.-verzweifelt-mutig-otchayanno-hrabryjmou-gimnaziya-\\u21161-yaroslavl.jpg\",\"width\":1560,\"height\":2080,\"caption\":\"\\u0421\\u043e\\u0444\\u044c\\u044f \\u041a\\u0430\\u043c\\u044b\\u0448\\u0435\\u043d\\u0446\\u0435\\u0432\\u0430\"},{\"@type\":\"WebPage\",\"@id\":\"https:\/\/yar.deutschetage.ru\/sofya-kamyshenczeva-gimnaziya-1\/#webpage\",\"url\":\"https:\/\/yar.deutschetage.ru\/sofya-kamyshenczeva-gimnaziya-1\/\",\"name\":\"Sofia Kamyschenzewa, Gymnasium Nr.1 - Deutsche Tage in der Region Jaroslawl\",\"isPartOf\":{\"@id\":\"https:\/\/yar.deutschetage.ru\/de\/#website\"},\"primaryImageOfPage\":{\"@id\":\"https:\/\/yar.deutschetage.ru\/sofya-kamyshenczeva-gimnaziya-1\/#primaryimage\"},\"datePublished\":\"2024-03-17T17:53:55+00:00\",\"dateModified\":\"2024-10-21T19:16:55+00:00\",\"author\":{\"@id\":\"https:\/\/yar.deutschetage.ru\/de\/#\/schema\/person\/4f39fe90cebbcc93ada07890317ab455\"},\"breadcrumb\":{\"@id\":\"https:\/\/yar.deutschetage.ru\/sofya-kamyshenczeva-gimnaziya-1\/#breadcrumb\"},\"inLanguage\":\"de-DE\",\"potentialAction\":[{\"@type\":\"ReadAction\",\"target\":[\"https:\/\/yar.deutschetage.ru\/sofya-kamyshenczeva-gimnaziya-1\/\"]}]},{\"@type\":\"BreadcrumbList\",\"@id\":\"https:\/\/yar.deutschetage.ru\/sofya-kamyshenczeva-gimnaziya-1\/#breadcrumb\",\"itemListElement\":[{\"@type\":\"ListItem\",\"position\":1,\"item\":{\"@type\":\"WebPage\",\"@id\":\"https:\/\/yar.deutschetage.ru\/\",\"url\":\"https:\/\/yar.deutschetage.ru\/\",\"name\":\"\\u0413\\u043b\\u0430\\u0432\\u043d\\u0430\\u044f\"}},{\"@type\":\"ListItem\",\"position\":2,\"item\":{\"@type\":\"WebPage\",\"@id\":\"https:\/\/yar.deutschetage.ru\/sofya-kamyshenczeva-gimnaziya-1\/\",\"url\":\"https:\/\/yar.deutschetage.ru\/sofya-kamyshenczeva-gimnaziya-1\/\",\"name\":\"\\u0421\\u043e\\u0444\\u044c\\u044f \\u041a\\u0430\\u043c\\u044b\\u0448\\u0435\\u043d\\u0446\\u0435\\u0432\\u0430, \\u0433\\u0438\\u043c\\u043d\\u0430\\u0437\\u0438\\u044f 1\"}}]},{\"@type\":\"Person\",\"@id\":\"https:\/\/yar.deutschetage.ru\/de\/#\/schema\/person\/4f39fe90cebbcc93ada07890317ab455\",\"name\":\"\\u0412\\u0430\\u043b\\u0435\\u043d\\u0442\\u0438\\u043d\\u0430\",\"image\":{\"@type\":\"ImageObject\",\"@id\":\"https:\/\/yar.deutschetage.ru\/de\/#personlogo\",\"inLanguage\":\"de-DE\",\"url\":\"https:\/\/secure.gravatar.com\/avatar\/1fe39c6a447b1a4ad661671d48304a9e?s=96&d=mm&r=g\",\"caption\":\"\\u0412\\u0430\\u043b\\u0435\\u043d\\u0442\\u0438\\u043d\\u0430\"}}]}<\/script>\n<!-- \/ Yoast SEO plugin. -->","_links":{"self":[{"href":"https:\/\/yar.deutschetage.ru\/de\/wp-json\/wp\/v2\/posts\/4187"}],"collection":[{"href":"https:\/\/yar.deutschetage.ru\/de\/wp-json\/wp\/v2\/posts"}],"about":[{"href":"https:\/\/yar.deutschetage.ru\/de\/wp-json\/wp\/v2\/types\/post"}],"author":[{"embeddable":true,"href":"https:\/\/yar.deutschetage.ru\/de\/wp-json\/wp\/v2\/users\/2"}],"replies":[{"embeddable":true,"href":"https:\/\/yar.deutschetage.ru\/de\/wp-json\/wp\/v2\/comments?post=4187"}],"version-history":[{"count":5,"href":"https:\/\/yar.deutschetage.ru\/de\/wp-json\/wp\/v2\/posts\/4187\/revisions"}],"predecessor-version":[{"id":4413,"href":"https:\/\/yar.deutschetage.ru\/de\/wp-json\/wp\/v2\/posts\/4187\/revisions\/4413"}],"wp:featuredmedia":[{"embeddable":true,"href":"https:\/\/yar.deutschetage.ru\/de\/wp-json\/wp\/v2\/media\/4188"}],"wp:attachment":[{"href":"https:\/\/yar.deutschetage.ru\/de\/wp-json\/wp\/v2\/media?parent=4187"}],"wp:term":[{"taxonomy":"category","embeddable":true,"href":"https:\/\/yar.deutschetage.ru\/de\/wp-json\/wp\/v2\/categories?post=4187"},{"taxonomy":"post_tag","embeddable":true,"href":"https:\/\/yar.deutschetage.ru\/de\/wp-json\/wp\/v2\/tags?post=4187"}],"curies":[{"name":"wp","href":"https:\/\/api.w.org\/{rel}","templated":true}]}}