{"id":4190,"date":"2024-03-17T17:56:58","date_gmt":"2024-03-17T17:56:58","guid":{"rendered":"https:\/\/yar.deutschetage.ru\/?p=4190"},"modified":"2024-10-21T19:16:00","modified_gmt":"2024-10-21T19:16:00","slug":"olesya-pershutina-gimnaziya-1","status":"publish","type":"post","link":"https:\/\/yar.deutschetage.ru\/de\/olesya-pershutina-gimnaziya-1\/","title":{"rendered":"Olessja Perschutina, Gymnasium 1"},"content":{"rendered":"\n<figure class=\"wp-block-image size-large\"><img loading=\"lazy\" width=\"768\" height=\"1024\" src=\"https:\/\/yar.deutschetage.ru\/wp-content\/uploads\/2024\/03\/pershutina-olesya-mihajlovna-12-let-hoffmann-nussknackergofman-shhelkunchikmou-gimnaziya-\u21161-yaroslavl-768x1024.jpg\" alt=\"\" class=\"wp-image-4191\" srcset=\"https:\/\/yar.deutschetage.ru\/wp-content\/uploads\/2024\/03\/pershutina-olesya-mihajlovna-12-let-hoffmann-nussknackergofman-shhelkunchikmou-gimnaziya-\u21161-yaroslavl-768x1024.jpg 768w, https:\/\/yar.deutschetage.ru\/wp-content\/uploads\/2024\/03\/pershutina-olesya-mihajlovna-12-let-hoffmann-nussknackergofman-shhelkunchikmou-gimnaziya-\u21161-yaroslavl-225x300.jpg 225w, https:\/\/yar.deutschetage.ru\/wp-content\/uploads\/2024\/03\/pershutina-olesya-mihajlovna-12-let-hoffmann-nussknackergofman-shhelkunchikmou-gimnaziya-\u21161-yaroslavl-1152x1536.jpg 1152w, https:\/\/yar.deutschetage.ru\/wp-content\/uploads\/2024\/03\/pershutina-olesya-mihajlovna-12-let-hoffmann-nussknackergofman-shhelkunchikmou-gimnaziya-\u21161-yaroslavl-1536x2048.jpg 1536w, https:\/\/yar.deutschetage.ru\/wp-content\/uploads\/2024\/03\/pershutina-olesya-mihajlovna-12-let-hoffmann-nussknackergofman-shhelkunchikmou-gimnaziya-\u21161-yaroslavl.jpg 1560w\" sizes=\"(max-width: 768px) 100vw, 768px\" \/><\/figure>\n\n\n\n<p><strong>NUSSKNACKER<\/strong><\/p>\n\n\n\n<p>nach dem M\u00e4rchen von Ernst Theodor Amadeus Hoffmann<\/p>\n\n\n\n<p>Meine Zeichnung zeigt den deutschen Schriftsteller und Geschichtenerz\u00e4hler Ernst Theodor Amadeus Hoffmann, der sein M\u00e4rchen, das weltber\u00fchmte M\u00e4rchen \u201eDer Nussknacker\u201c, schreibt. Die Handlung und das Aussehen der Charaktere entstehen bereits im Kopf des Autors, Bilder tauchen nacheinander auf: der b\u00f6se M\u00e4usek\u00f6nig, der tapfere Nussknacker, das gute M\u00e4dchen Marie. Hoffmann schrieb sein Werk 1816 und im selben Jahr wurde das M\u00e4rchen in der Sammlung \u201eKinderm\u00e4rchen\u201c ver\u00f6ffentlicht. Die Handlung des M\u00e4rchens f\u00fcr Kinder basiert auf der Konfrontation zweier fiktiver K\u00f6nigreiche: der Maus und der Puppe, und die Hauptfiguren helfen sich gegenseitig und meistern alle Herausforderungen.<\/p>\n\n\n\n<p><\/p>\n","protected":false},"excerpt":{"rendered":"<p>NUSSKNACKER nach dem M\u00e4rchen von Ernst Theodor Amadeus Hoffmann Meine Zeichnung zeigt den deutschen Schriftsteller und Geschichtenerz\u00e4hler Ernst Theodor Amadeus Hoffmann, der sein M\u00e4rchen, das weltber\u00fchmte M\u00e4rchen \u201eDer Nussknacker\u201c, schreibt. Die Handlung und das Aussehen der Charaktere entstehen bereits im Kopf des Autors, Bilder tauchen nacheinander auf: der b\u00f6se M\u00e4usek\u00f6nig, der tapfere Nussknacker, das gute [&hellip;]<\/p>\n","protected":false},"author":2,"featured_media":4191,"comment_status":"closed","ping_status":"open","sticky":false,"template":"","format":"standard","meta":[],"categories":[30],"tags":[],"yoast_head":"<!-- This site is optimized with the Yoast SEO plugin v14.9 - https:\/\/yoast.com\/wordpress\/plugins\/seo\/ -->\n<title>Olessja Perschutina, Gymnasium 1 - Deutsche Tage in der Region Jaroslawl<\/title>\n<meta name=\"robots\" content=\"index, follow, max-snippet:-1, max-image-preview:large, max-video-preview:-1\" \/>\n<link rel=\"canonical\" href=\"https:\/\/yar.deutschetage.ru\/olesya-pershutina-gimnaziya-1\/\" \/>\n<meta property=\"og:locale\" content=\"de_DE\" \/>\n<meta property=\"og:type\" content=\"article\" \/>\n<meta property=\"og:title\" content=\"Olessja Perschutina, Gymnasium 1 - Deutsche Tage in der Region Jaroslawl\" \/>\n<meta property=\"og:url\" content=\"https:\/\/yar.deutschetage.ru\/olesya-pershutina-gimnaziya-1\/\" \/>\n<meta property=\"og:site_name\" content=\"Deutsche Tage in der Region Jaroslawl\" \/>\n<meta property=\"article:publisher\" content=\"https:\/\/www.facebook.com\/groups\/druzjagermanii\" \/>\n<meta property=\"article:published_time\" content=\"2024-03-17T17:56:58+00:00\" \/>\n<meta property=\"article:modified_time\" content=\"2024-10-21T19:16:00+00:00\" \/>\n<meta property=\"og:image\" content=\"https:\/\/yar.deutschetage.ru\/wp-content\/uploads\/2024\/03\/pershutina-olesya-mihajlovna-12-let-hoffmann-nussknackergofman-shhelkunchikmou-gimnaziya-\u21161-yaroslavl.jpg\" \/>\n\t<meta property=\"og:image:width\" content=\"1560\" \/>\n\t<meta property=\"og:image:height\" content=\"2080\" \/>\n<meta name=\"twitter:card\" content=\"summary_large_image\" \/>\n<script type=\"application\/ld+json\" class=\"yoast-schema-graph\">{\"@context\":\"https:\/\/schema.org\",\"@graph\":[{\"@type\":\"WebSite\",\"@id\":\"https:\/\/yar.deutschetage.ru\/de\/#website\",\"url\":\"https:\/\/yar.deutschetage.ru\/de\/\",\"name\":\"Deutsche Tage in der Region Jaroslawl\",\"description\":\"Wissenschaftliche Fantastik oder fantastische Wissenschaft\",\"potentialAction\":[{\"@type\":\"SearchAction\",\"target\":\"https:\/\/yar.deutschetage.ru\/de\/?s={search_term_string}\",\"query-input\":\"required name=search_term_string\"}],\"inLanguage\":\"de-DE\"},{\"@type\":\"ImageObject\",\"@id\":\"https:\/\/yar.deutschetage.ru\/olesya-pershutina-gimnaziya-1\/#primaryimage\",\"inLanguage\":\"de-DE\",\"url\":\"https:\/\/yar.deutschetage.ru\/wp-content\/uploads\/2024\/03\/pershutina-olesya-mihajlovna-12-let-hoffmann-nussknackergofman-shhelkunchikmou-gimnaziya-\\u21161-yaroslavl.jpg\",\"width\":1560,\"height\":2080,\"caption\":\"\\u041e\\u043b\\u0435\\u0441\\u044f \\u041f\\u0435\\u0440\\u0448\\u0443\\u0442\\u0438\\u043d\\u0430\"},{\"@type\":\"WebPage\",\"@id\":\"https:\/\/yar.deutschetage.ru\/olesya-pershutina-gimnaziya-1\/#webpage\",\"url\":\"https:\/\/yar.deutschetage.ru\/olesya-pershutina-gimnaziya-1\/\",\"name\":\"Olessja Perschutina, Gymnasium 1 - Deutsche Tage in der Region Jaroslawl\",\"isPartOf\":{\"@id\":\"https:\/\/yar.deutschetage.ru\/de\/#website\"},\"primaryImageOfPage\":{\"@id\":\"https:\/\/yar.deutschetage.ru\/olesya-pershutina-gimnaziya-1\/#primaryimage\"},\"datePublished\":\"2024-03-17T17:56:58+00:00\",\"dateModified\":\"2024-10-21T19:16:00+00:00\",\"author\":{\"@id\":\"https:\/\/yar.deutschetage.ru\/de\/#\/schema\/person\/4f39fe90cebbcc93ada07890317ab455\"},\"breadcrumb\":{\"@id\":\"https:\/\/yar.deutschetage.ru\/olesya-pershutina-gimnaziya-1\/#breadcrumb\"},\"inLanguage\":\"de-DE\",\"potentialAction\":[{\"@type\":\"ReadAction\",\"target\":[\"https:\/\/yar.deutschetage.ru\/olesya-pershutina-gimnaziya-1\/\"]}]},{\"@type\":\"BreadcrumbList\",\"@id\":\"https:\/\/yar.deutschetage.ru\/olesya-pershutina-gimnaziya-1\/#breadcrumb\",\"itemListElement\":[{\"@type\":\"ListItem\",\"position\":1,\"item\":{\"@type\":\"WebPage\",\"@id\":\"https:\/\/yar.deutschetage.ru\/\",\"url\":\"https:\/\/yar.deutschetage.ru\/\",\"name\":\"\\u0413\\u043b\\u0430\\u0432\\u043d\\u0430\\u044f\"}},{\"@type\":\"ListItem\",\"position\":2,\"item\":{\"@type\":\"WebPage\",\"@id\":\"https:\/\/yar.deutschetage.ru\/olesya-pershutina-gimnaziya-1\/\",\"url\":\"https:\/\/yar.deutschetage.ru\/olesya-pershutina-gimnaziya-1\/\",\"name\":\"\\u041e\\u043b\\u0435\\u0441\\u044f \\u041f\\u0435\\u0440\\u0448\\u0443\\u0442\\u0438\\u043d\\u0430, \\u0433\\u0438\\u043c\\u043d\\u0430\\u0437\\u0438\\u044f 1\"}}]},{\"@type\":\"Person\",\"@id\":\"https:\/\/yar.deutschetage.ru\/de\/#\/schema\/person\/4f39fe90cebbcc93ada07890317ab455\",\"name\":\"\\u0412\\u0430\\u043b\\u0435\\u043d\\u0442\\u0438\\u043d\\u0430\",\"image\":{\"@type\":\"ImageObject\",\"@id\":\"https:\/\/yar.deutschetage.ru\/de\/#personlogo\",\"inLanguage\":\"de-DE\",\"url\":\"https:\/\/secure.gravatar.com\/avatar\/1fe39c6a447b1a4ad661671d48304a9e?s=96&d=mm&r=g\",\"caption\":\"\\u0412\\u0430\\u043b\\u0435\\u043d\\u0442\\u0438\\u043d\\u0430\"}}]}<\/script>\n<!-- \/ Yoast SEO plugin. -->","_links":{"self":[{"href":"https:\/\/yar.deutschetage.ru\/de\/wp-json\/wp\/v2\/posts\/4190"}],"collection":[{"href":"https:\/\/yar.deutschetage.ru\/de\/wp-json\/wp\/v2\/posts"}],"about":[{"href":"https:\/\/yar.deutschetage.ru\/de\/wp-json\/wp\/v2\/types\/post"}],"author":[{"embeddable":true,"href":"https:\/\/yar.deutschetage.ru\/de\/wp-json\/wp\/v2\/users\/2"}],"replies":[{"embeddable":true,"href":"https:\/\/yar.deutschetage.ru\/de\/wp-json\/wp\/v2\/comments?post=4190"}],"version-history":[{"count":4,"href":"https:\/\/yar.deutschetage.ru\/de\/wp-json\/wp\/v2\/posts\/4190\/revisions"}],"predecessor-version":[{"id":4226,"href":"https:\/\/yar.deutschetage.ru\/de\/wp-json\/wp\/v2\/posts\/4190\/revisions\/4226"}],"wp:featuredmedia":[{"embeddable":true,"href":"https:\/\/yar.deutschetage.ru\/de\/wp-json\/wp\/v2\/media\/4191"}],"wp:attachment":[{"href":"https:\/\/yar.deutschetage.ru\/de\/wp-json\/wp\/v2\/media?parent=4190"}],"wp:term":[{"taxonomy":"category","embeddable":true,"href":"https:\/\/yar.deutschetage.ru\/de\/wp-json\/wp\/v2\/categories?post=4190"},{"taxonomy":"post_tag","embeddable":true,"href":"https:\/\/yar.deutschetage.ru\/de\/wp-json\/wp\/v2\/tags?post=4190"}],"curies":[{"name":"wp","href":"https:\/\/api.w.org\/{rel}","templated":true}]}}