{"id":4285,"date":"2024-03-18T09:16:00","date_gmt":"2024-03-18T09:16:00","guid":{"rendered":"https:\/\/yar.deutschetage.ru\/?p=4285"},"modified":"2024-10-21T19:03:34","modified_gmt":"2024-10-21T19:03:34","slug":"4285-2","status":"publish","type":"post","link":"https:\/\/yar.deutschetage.ru\/de\/4285-2\/","title":{"rendered":"Darja Gussewa, Gymnasium Nr.3"},"content":{"rendered":"\n<figure class=\"wp-block-image size-large\"><img loading=\"lazy\" width=\"724\" height=\"1024\" src=\"https:\/\/yar.deutschetage.ru\/wp-content\/uploads\/2024\/03\/guseva-d.a.-illyustracziya-k-ballade-gete_lesnoj-czar-724x1024.jpg\" alt=\"\" class=\"wp-image-4289\" srcset=\"https:\/\/yar.deutschetage.ru\/wp-content\/uploads\/2024\/03\/guseva-d.a.-illyustracziya-k-ballade-gete_lesnoj-czar-724x1024.jpg 724w, https:\/\/yar.deutschetage.ru\/wp-content\/uploads\/2024\/03\/guseva-d.a.-illyustracziya-k-ballade-gete_lesnoj-czar-212x300.jpg 212w, https:\/\/yar.deutschetage.ru\/wp-content\/uploads\/2024\/03\/guseva-d.a.-illyustracziya-k-ballade-gete_lesnoj-czar-768x1086.jpg 768w, https:\/\/yar.deutschetage.ru\/wp-content\/uploads\/2024\/03\/guseva-d.a.-illyustracziya-k-ballade-gete_lesnoj-czar-1086x1536.jpg 1086w, https:\/\/yar.deutschetage.ru\/wp-content\/uploads\/2024\/03\/guseva-d.a.-illyustracziya-k-ballade-gete_lesnoj-czar.jpg 1240w\" sizes=\"(max-width: 724px) 100vw, 724px\" \/><\/figure>\n\n\n\n<p><strong>DER WALDK\u00d6NIG<\/strong><\/p>\n\n\n\n<p>Der gro\u00dfe deutsche Dichter Johann Wolfgang von Goethe wiederspiegelte in seiner Ballade &#8222;Der Waldk\u00f6nig&#8220; den Geist des mystischen Romantismus. Goethe m\u00f6chte die feine Linie zwischen Leben und Tod, Illusion und Realit\u00e4t darstellen. Dem kleinen Jungen ist der Tod nahe gekommen, er k\u00e4mpft erfolglos damit. Der Vater rennt auf einem Pferd aus Leibeskr\u00e4ften, um seinen Sohn zu retten. Der Waldk\u00f6nig nimmt jedoch die Seele des Kindes in die &#8222;bessere Welt&#8220; und l\u00e4sst den trostlosen Vater ohne Sohn.<\/p>\n\n\n\n<p>&nbsp;Die von mir gew\u00e4hlte Technik und Farbgebung der Zeichnung unterstreicht den d\u00fcsteren Charakter des deutschen Romantismus.<\/p>\n\n\n\n<p><\/p>\n","protected":false},"excerpt":{"rendered":"<p>DER WALDK\u00d6NIG Der gro\u00dfe deutsche Dichter Johann Wolfgang von Goethe wiederspiegelte in seiner Ballade &#8222;Der Waldk\u00f6nig&#8220; den Geist des mystischen Romantismus. Goethe m\u00f6chte die feine Linie zwischen Leben und Tod, Illusion und Realit\u00e4t darstellen. Dem kleinen Jungen ist der Tod nahe gekommen, er k\u00e4mpft erfolglos damit. Der Vater rennt auf einem Pferd aus Leibeskr\u00e4ften, um [&hellip;]<\/p>\n","protected":false},"author":2,"featured_media":4289,"comment_status":"closed","ping_status":"open","sticky":false,"template":"","format":"standard","meta":[],"categories":[30],"tags":[],"yoast_head":"<!-- This site is optimized with the Yoast SEO plugin v14.9 - https:\/\/yoast.com\/wordpress\/plugins\/seo\/ -->\n<title>Darja Gussewa, Gymnasium Nr.3 - Deutsche Tage in der Region Jaroslawl<\/title>\n<meta name=\"robots\" content=\"index, follow, max-snippet:-1, max-image-preview:large, max-video-preview:-1\" \/>\n<link rel=\"canonical\" href=\"https:\/\/yar.deutschetage.ru\/4285-2\/\" \/>\n<meta property=\"og:locale\" content=\"de_DE\" \/>\n<meta property=\"og:type\" content=\"article\" \/>\n<meta property=\"og:title\" content=\"Darja Gussewa, Gymnasium Nr.3 - Deutsche Tage in der Region Jaroslawl\" \/>\n<meta property=\"og:url\" content=\"https:\/\/yar.deutschetage.ru\/4285-2\/\" \/>\n<meta property=\"og:site_name\" content=\"Deutsche Tage in der Region Jaroslawl\" \/>\n<meta property=\"article:publisher\" content=\"https:\/\/www.facebook.com\/groups\/druzjagermanii\" \/>\n<meta property=\"article:published_time\" content=\"2024-03-18T09:16:00+00:00\" \/>\n<meta property=\"article:modified_time\" content=\"2024-10-21T19:03:34+00:00\" \/>\n<meta property=\"og:image\" content=\"https:\/\/yar.deutschetage.ru\/wp-content\/uploads\/2024\/03\/guseva-d.a.-illyustracziya-k-ballade-gete_lesnoj-czar.jpg\" \/>\n\t<meta property=\"og:image:width\" content=\"1240\" \/>\n\t<meta property=\"og:image:height\" content=\"1754\" \/>\n<meta name=\"twitter:card\" content=\"summary_large_image\" \/>\n<script type=\"application\/ld+json\" class=\"yoast-schema-graph\">{\"@context\":\"https:\/\/schema.org\",\"@graph\":[{\"@type\":\"WebSite\",\"@id\":\"https:\/\/yar.deutschetage.ru\/de\/#website\",\"url\":\"https:\/\/yar.deutschetage.ru\/de\/\",\"name\":\"Deutsche Tage in der Region Jaroslawl\",\"description\":\"Wissenschaftliche Fantastik oder fantastische Wissenschaft\",\"potentialAction\":[{\"@type\":\"SearchAction\",\"target\":\"https:\/\/yar.deutschetage.ru\/de\/?s={search_term_string}\",\"query-input\":\"required name=search_term_string\"}],\"inLanguage\":\"de-DE\"},{\"@type\":\"ImageObject\",\"@id\":\"https:\/\/yar.deutschetage.ru\/4285-2\/#primaryimage\",\"inLanguage\":\"de-DE\",\"url\":\"https:\/\/yar.deutschetage.ru\/wp-content\/uploads\/2024\/03\/guseva-d.a.-illyustracziya-k-ballade-gete_lesnoj-czar.jpg\",\"width\":1240,\"height\":1754,\"caption\":\"\\u0414\\u0430\\u0440\\u044c\\u044f \\u0413\\u0443\\u0441\\u0435\\u0432\\u0430\"},{\"@type\":\"WebPage\",\"@id\":\"https:\/\/yar.deutschetage.ru\/4285-2\/#webpage\",\"url\":\"https:\/\/yar.deutschetage.ru\/4285-2\/\",\"name\":\"Darja Gussewa, Gymnasium Nr.3 - Deutsche Tage in der Region Jaroslawl\",\"isPartOf\":{\"@id\":\"https:\/\/yar.deutschetage.ru\/de\/#website\"},\"primaryImageOfPage\":{\"@id\":\"https:\/\/yar.deutschetage.ru\/4285-2\/#primaryimage\"},\"datePublished\":\"2024-03-18T09:16:00+00:00\",\"dateModified\":\"2024-10-21T19:03:34+00:00\",\"author\":{\"@id\":\"https:\/\/yar.deutschetage.ru\/de\/#\/schema\/person\/4f39fe90cebbcc93ada07890317ab455\"},\"breadcrumb\":{\"@id\":\"https:\/\/yar.deutschetage.ru\/4285-2\/#breadcrumb\"},\"inLanguage\":\"de-DE\",\"potentialAction\":[{\"@type\":\"ReadAction\",\"target\":[\"https:\/\/yar.deutschetage.ru\/4285-2\/\"]}]},{\"@type\":\"BreadcrumbList\",\"@id\":\"https:\/\/yar.deutschetage.ru\/4285-2\/#breadcrumb\",\"itemListElement\":[{\"@type\":\"ListItem\",\"position\":1,\"item\":{\"@type\":\"WebPage\",\"@id\":\"https:\/\/yar.deutschetage.ru\/\",\"url\":\"https:\/\/yar.deutschetage.ru\/\",\"name\":\"\\u0413\\u043b\\u0430\\u0432\\u043d\\u0430\\u044f\"}},{\"@type\":\"ListItem\",\"position\":2,\"item\":{\"@type\":\"WebPage\",\"@id\":\"https:\/\/yar.deutschetage.ru\/4285-2\/\",\"url\":\"https:\/\/yar.deutschetage.ru\/4285-2\/\",\"name\":\"\\u0414\\u0430\\u0440\\u044c\\u044f \\u0413\\u0443\\u0441\\u0435\\u0432\\u0430, \\u0433\\u0438\\u043c\\u043d\\u0430\\u0437\\u0438\\u044f 3\"}}]},{\"@type\":\"Person\",\"@id\":\"https:\/\/yar.deutschetage.ru\/de\/#\/schema\/person\/4f39fe90cebbcc93ada07890317ab455\",\"name\":\"\\u0412\\u0430\\u043b\\u0435\\u043d\\u0442\\u0438\\u043d\\u0430\",\"image\":{\"@type\":\"ImageObject\",\"@id\":\"https:\/\/yar.deutschetage.ru\/de\/#personlogo\",\"inLanguage\":\"de-DE\",\"url\":\"https:\/\/secure.gravatar.com\/avatar\/1fe39c6a447b1a4ad661671d48304a9e?s=96&d=mm&r=g\",\"caption\":\"\\u0412\\u0430\\u043b\\u0435\\u043d\\u0442\\u0438\\u043d\\u0430\"}}]}<\/script>\n<!-- \/ Yoast SEO plugin. -->","_links":{"self":[{"href":"https:\/\/yar.deutschetage.ru\/de\/wp-json\/wp\/v2\/posts\/4285"}],"collection":[{"href":"https:\/\/yar.deutschetage.ru\/de\/wp-json\/wp\/v2\/posts"}],"about":[{"href":"https:\/\/yar.deutschetage.ru\/de\/wp-json\/wp\/v2\/types\/post"}],"author":[{"embeddable":true,"href":"https:\/\/yar.deutschetage.ru\/de\/wp-json\/wp\/v2\/users\/2"}],"replies":[{"embeddable":true,"href":"https:\/\/yar.deutschetage.ru\/de\/wp-json\/wp\/v2\/comments?post=4285"}],"version-history":[{"count":4,"href":"https:\/\/yar.deutschetage.ru\/de\/wp-json\/wp\/v2\/posts\/4285\/revisions"}],"predecessor-version":[{"id":4412,"href":"https:\/\/yar.deutschetage.ru\/de\/wp-json\/wp\/v2\/posts\/4285\/revisions\/4412"}],"wp:featuredmedia":[{"embeddable":true,"href":"https:\/\/yar.deutschetage.ru\/de\/wp-json\/wp\/v2\/media\/4289"}],"wp:attachment":[{"href":"https:\/\/yar.deutschetage.ru\/de\/wp-json\/wp\/v2\/media?parent=4285"}],"wp:term":[{"taxonomy":"category","embeddable":true,"href":"https:\/\/yar.deutschetage.ru\/de\/wp-json\/wp\/v2\/categories?post=4285"},{"taxonomy":"post_tag","embeddable":true,"href":"https:\/\/yar.deutschetage.ru\/de\/wp-json\/wp\/v2\/tags?post=4285"}],"curies":[{"name":"wp","href":"https:\/\/api.w.org\/{rel}","templated":true}]}}