{"id":4307,"date":"2024-03-25T09:46:21","date_gmt":"2024-03-25T09:46:21","guid":{"rendered":"https:\/\/yar.deutschetage.ru\/?p=4307"},"modified":"2024-10-21T18:58:44","modified_gmt":"2024-10-21T18:58:44","slug":"mariya-demchuk-gimnaziya-3","status":"publish","type":"post","link":"https:\/\/yar.deutschetage.ru\/de\/mariya-demchuk-gimnaziya-3\/","title":{"rendered":"Marija Demtschuk, Gymnasium Nr.3"},"content":{"rendered":"\n<figure class=\"wp-block-image size-large\"><img loading=\"lazy\" width=\"1024\" height=\"768\" src=\"https:\/\/yar.deutschetage.ru\/wp-content\/uploads\/2024\/03\/demchuk-1024x768.jpg\" alt=\"\" class=\"wp-image-4308\" srcset=\"https:\/\/yar.deutschetage.ru\/wp-content\/uploads\/2024\/03\/demchuk-1024x768.jpg 1024w, https:\/\/yar.deutschetage.ru\/wp-content\/uploads\/2024\/03\/demchuk-300x225.jpg 300w, https:\/\/yar.deutschetage.ru\/wp-content\/uploads\/2024\/03\/demchuk-768x576.jpg 768w, https:\/\/yar.deutschetage.ru\/wp-content\/uploads\/2024\/03\/demchuk-1536x1152.jpg 1536w, https:\/\/yar.deutschetage.ru\/wp-content\/uploads\/2024\/03\/demchuk.jpg 1600w\" sizes=\"(max-width: 1024px) 100vw, 1024px\" \/><\/figure>\n\n\n\n<p><strong>Rattenf\u00e4nger von Hameln<\/strong><\/p>\n\n\n\n<p>M\u00e4rchen von Gebr\u00fcder Grimm<\/p>\n\n\n\n<p>Die ber\u00fchmte mittelalterliche deutsche Legende, die in der Literatur mehrmals wiederholt&nbsp; wurde, lehrt uns, dass grosse Gier und Unehrlichkeit grausam bestraft werden k\u00f6nnen und anstatt des erwarteten Gewinns unersetzbare Verluste bringen. In unserer kommerzialisierten Zeit lohnt es sich, daran zu denken!<\/p>\n\n\n\n<p>Dieser Legende zog &nbsp;mich mit ihrer historischen Glaubw\u00fcrdigkeit an, denn nach dem 30-j\u00e4hrigen Krieg, der Europa ersch\u00f6pfte, verlie\u00dfen &nbsp;viele junge Menschen tats\u00e4chlich die deutschen L\u00e4nder auf der Suche nach einem besseren Leben. Es scheint, als ob kein M\u00e4rchen, sondern eine dokumentierte Geschichte &nbsp;lesen, die zu einer bestimmten Zeit und an einem bestimmten Ort passierte.<\/p>\n\n\n\n<p>Umso ernster wird die in dieser Geschichte verankerte lehrreiche Moral wahrgenommen!!!<\/p>\n\n\n\n<p><\/p>\n","protected":false},"excerpt":{"rendered":"<p>Rattenf\u00e4nger von Hameln M\u00e4rchen von Gebr\u00fcder Grimm Die ber\u00fchmte mittelalterliche deutsche Legende, die in der Literatur mehrmals wiederholt&nbsp; wurde, lehrt uns, dass grosse Gier und Unehrlichkeit grausam bestraft werden k\u00f6nnen und anstatt des erwarteten Gewinns unersetzbare Verluste bringen. In unserer kommerzialisierten Zeit lohnt es sich, daran zu denken! Dieser Legende zog &nbsp;mich mit ihrer historischen [&hellip;]<\/p>\n","protected":false},"author":2,"featured_media":4308,"comment_status":"closed","ping_status":"open","sticky":false,"template":"","format":"standard","meta":[],"categories":[30],"tags":[],"yoast_head":"<!-- This site is optimized with the Yoast SEO plugin v14.9 - https:\/\/yoast.com\/wordpress\/plugins\/seo\/ -->\n<title>Marija Demtschuk, Gymnasium Nr.3 - Deutsche Tage in der Region Jaroslawl<\/title>\n<meta name=\"robots\" content=\"index, follow, max-snippet:-1, max-image-preview:large, max-video-preview:-1\" \/>\n<link rel=\"canonical\" href=\"https:\/\/yar.deutschetage.ru\/mariya-demchuk-gimnaziya-3\/\" \/>\n<meta property=\"og:locale\" content=\"de_DE\" \/>\n<meta property=\"og:type\" content=\"article\" \/>\n<meta property=\"og:title\" content=\"Marija Demtschuk, Gymnasium Nr.3 - Deutsche Tage in der Region Jaroslawl\" \/>\n<meta property=\"og:url\" content=\"https:\/\/yar.deutschetage.ru\/mariya-demchuk-gimnaziya-3\/\" \/>\n<meta property=\"og:site_name\" content=\"Deutsche Tage in der Region Jaroslawl\" \/>\n<meta property=\"article:publisher\" content=\"https:\/\/www.facebook.com\/groups\/druzjagermanii\" \/>\n<meta property=\"article:published_time\" content=\"2024-03-25T09:46:21+00:00\" \/>\n<meta property=\"article:modified_time\" content=\"2024-10-21T18:58:44+00:00\" \/>\n<meta property=\"og:image\" content=\"https:\/\/yar.deutschetage.ru\/wp-content\/uploads\/2024\/03\/demchuk.jpg\" \/>\n\t<meta property=\"og:image:width\" content=\"1600\" \/>\n\t<meta property=\"og:image:height\" content=\"1200\" \/>\n<meta name=\"twitter:card\" content=\"summary_large_image\" \/>\n<script type=\"application\/ld+json\" class=\"yoast-schema-graph\">{\"@context\":\"https:\/\/schema.org\",\"@graph\":[{\"@type\":\"WebSite\",\"@id\":\"https:\/\/yar.deutschetage.ru\/de\/#website\",\"url\":\"https:\/\/yar.deutschetage.ru\/de\/\",\"name\":\"Deutsche Tage in der Region Jaroslawl\",\"description\":\"Wissenschaftliche Fantastik oder fantastische Wissenschaft\",\"potentialAction\":[{\"@type\":\"SearchAction\",\"target\":\"https:\/\/yar.deutschetage.ru\/de\/?s={search_term_string}\",\"query-input\":\"required name=search_term_string\"}],\"inLanguage\":\"de-DE\"},{\"@type\":\"ImageObject\",\"@id\":\"https:\/\/yar.deutschetage.ru\/mariya-demchuk-gimnaziya-3\/#primaryimage\",\"inLanguage\":\"de-DE\",\"url\":\"https:\/\/yar.deutschetage.ru\/wp-content\/uploads\/2024\/03\/demchuk.jpg\",\"width\":1600,\"height\":1200,\"caption\":\"\\u041c\\u0430\\u0440\\u0438\\u044f \\u0414\\u0435\\u043c\\u0447\\u0443\\u043a\"},{\"@type\":\"WebPage\",\"@id\":\"https:\/\/yar.deutschetage.ru\/mariya-demchuk-gimnaziya-3\/#webpage\",\"url\":\"https:\/\/yar.deutschetage.ru\/mariya-demchuk-gimnaziya-3\/\",\"name\":\"Marija Demtschuk, Gymnasium Nr.3 - Deutsche Tage in der Region Jaroslawl\",\"isPartOf\":{\"@id\":\"https:\/\/yar.deutschetage.ru\/de\/#website\"},\"primaryImageOfPage\":{\"@id\":\"https:\/\/yar.deutschetage.ru\/mariya-demchuk-gimnaziya-3\/#primaryimage\"},\"datePublished\":\"2024-03-25T09:46:21+00:00\",\"dateModified\":\"2024-10-21T18:58:44+00:00\",\"author\":{\"@id\":\"https:\/\/yar.deutschetage.ru\/de\/#\/schema\/person\/4f39fe90cebbcc93ada07890317ab455\"},\"breadcrumb\":{\"@id\":\"https:\/\/yar.deutschetage.ru\/mariya-demchuk-gimnaziya-3\/#breadcrumb\"},\"inLanguage\":\"de-DE\",\"potentialAction\":[{\"@type\":\"ReadAction\",\"target\":[\"https:\/\/yar.deutschetage.ru\/mariya-demchuk-gimnaziya-3\/\"]}]},{\"@type\":\"BreadcrumbList\",\"@id\":\"https:\/\/yar.deutschetage.ru\/mariya-demchuk-gimnaziya-3\/#breadcrumb\",\"itemListElement\":[{\"@type\":\"ListItem\",\"position\":1,\"item\":{\"@type\":\"WebPage\",\"@id\":\"https:\/\/yar.deutschetage.ru\/\",\"url\":\"https:\/\/yar.deutschetage.ru\/\",\"name\":\"\\u0413\\u043b\\u0430\\u0432\\u043d\\u0430\\u044f\"}},{\"@type\":\"ListItem\",\"position\":2,\"item\":{\"@type\":\"WebPage\",\"@id\":\"https:\/\/yar.deutschetage.ru\/mariya-demchuk-gimnaziya-3\/\",\"url\":\"https:\/\/yar.deutschetage.ru\/mariya-demchuk-gimnaziya-3\/\",\"name\":\"\\u041c\\u0430\\u0440\\u0438\\u044f \\u0414\\u0435\\u043c\\u0447\\u0443\\u043a, \\u0433\\u0438\\u043c\\u043d\\u0430\\u0437\\u0438\\u044f 3\"}}]},{\"@type\":\"Person\",\"@id\":\"https:\/\/yar.deutschetage.ru\/de\/#\/schema\/person\/4f39fe90cebbcc93ada07890317ab455\",\"name\":\"\\u0412\\u0430\\u043b\\u0435\\u043d\\u0442\\u0438\\u043d\\u0430\",\"image\":{\"@type\":\"ImageObject\",\"@id\":\"https:\/\/yar.deutschetage.ru\/de\/#personlogo\",\"inLanguage\":\"de-DE\",\"url\":\"https:\/\/secure.gravatar.com\/avatar\/1fe39c6a447b1a4ad661671d48304a9e?s=96&d=mm&r=g\",\"caption\":\"\\u0412\\u0430\\u043b\\u0435\\u043d\\u0442\\u0438\\u043d\\u0430\"}}]}<\/script>\n<!-- \/ Yoast SEO plugin. -->","_links":{"self":[{"href":"https:\/\/yar.deutschetage.ru\/de\/wp-json\/wp\/v2\/posts\/4307"}],"collection":[{"href":"https:\/\/yar.deutschetage.ru\/de\/wp-json\/wp\/v2\/posts"}],"about":[{"href":"https:\/\/yar.deutschetage.ru\/de\/wp-json\/wp\/v2\/types\/post"}],"author":[{"embeddable":true,"href":"https:\/\/yar.deutschetage.ru\/de\/wp-json\/wp\/v2\/users\/2"}],"replies":[{"embeddable":true,"href":"https:\/\/yar.deutschetage.ru\/de\/wp-json\/wp\/v2\/comments?post=4307"}],"version-history":[{"count":4,"href":"https:\/\/yar.deutschetage.ru\/de\/wp-json\/wp\/v2\/posts\/4307\/revisions"}],"predecessor-version":[{"id":4312,"href":"https:\/\/yar.deutschetage.ru\/de\/wp-json\/wp\/v2\/posts\/4307\/revisions\/4312"}],"wp:featuredmedia":[{"embeddable":true,"href":"https:\/\/yar.deutschetage.ru\/de\/wp-json\/wp\/v2\/media\/4308"}],"wp:attachment":[{"href":"https:\/\/yar.deutschetage.ru\/de\/wp-json\/wp\/v2\/media?parent=4307"}],"wp:term":[{"taxonomy":"category","embeddable":true,"href":"https:\/\/yar.deutschetage.ru\/de\/wp-json\/wp\/v2\/categories?post=4307"},{"taxonomy":"post_tag","embeddable":true,"href":"https:\/\/yar.deutschetage.ru\/de\/wp-json\/wp\/v2\/tags?post=4307"}],"curies":[{"name":"wp","href":"https:\/\/api.w.org\/{rel}","templated":true}]}}