{"id":463,"date":"2020-09-29T06:47:20","date_gmt":"2020-09-29T06:47:20","guid":{"rendered":"https:\/\/yar.deutschetage.ru\/?p=463"},"modified":"2020-09-30T09:07:18","modified_gmt":"2020-09-30T09:07:18","slug":"privetstvie-posla-frg-uchastnikam-festivalya","status":"publish","type":"post","link":"https:\/\/yar.deutschetage.ru\/de\/privetstvie-posla-frg-uchastnikam-festivalya\/","title":{"rendered":"Grusswort des Botschafters von Geyr fuer die Deutschen Tage 2020 in der Region Jaroslawl"},"content":{"rendered":"\n<p>Sehr geehrte Damen und Herren,<\/p>\n\n\n\n<p>sehr geehrte Teilnehmerinnen und Teilnehmer der Deutschen Tage in Jaroslawl,<\/p>\n\n\n\n<p>liebe Freunde Deutschlands, der deutschen Sprache und Kultur!<\/p>\n\n\n\n<div class=\"wp-block-media-text alignwide is-stacked-on-mobile\" style=\"grid-template-columns:30% auto\"><figure class=\"wp-block-media-text__media\"><img loading=\"lazy\" width=\"782\" height=\"1024\" src=\"https:\/\/yar.deutschetage.ru\/wp-content\/uploads\/2020\/09\/l-1-teaserbild-data-2-782x1024.jpg\" alt=\"\" class=\"wp-image-480\" srcset=\"https:\/\/yar.deutschetage.ru\/wp-content\/uploads\/2020\/09\/l-1-teaserbild-data-2-782x1024.jpg 782w, https:\/\/yar.deutschetage.ru\/wp-content\/uploads\/2020\/09\/l-1-teaserbild-data-2-229x300.jpg 229w, https:\/\/yar.deutschetage.ru\/wp-content\/uploads\/2020\/09\/l-1-teaserbild-data-2-768x1006.jpg 768w, https:\/\/yar.deutschetage.ru\/wp-content\/uploads\/2020\/09\/l-1-teaserbild-data-2.jpg 939w\" sizes=\"(max-width: 782px) 100vw, 782px\" \/><\/figure><div class=\"wp-block-media-text__content\">\n<p>Kultur verbindet Menschen \u00fcber alle Grenzen hinweg. So ist es immer wieder durch kulturellen Austausch gelungen, Br\u00fccken zwischen Russland und Deutschland neu zu schlagen oder zu erhalten. Die diesj\u00e4hrigen, mittlerweile lange bew\u00e4hrten, Deutschen Tage in der Region Jaroslawl sind ein wichtiger Beitrag dazu.<\/p>\n<\/div><\/div>\n\n\n\n<p>Die Deutschen Tage sind eine Einladung an all diejenigen, die sich mit Deutschland und seiner Kultur besch\u00e4ftigen und mein Land n\u00e4her kennen lernen m\u00f6chten. Dabei spielt die Musik eine besondere Rolle. So passt es besonders gut, dass das diesj\u00e4hrige Festival im Rahmen einer wichtigen Feierlichkeit stattfinden wird \u2013 dem 250. Geburtstag Ludwig van Beethovens. In einem Online-Projekt werden die Organisatoren \u00fcber das Leben und Werk Beethovens berichten, einige seiner Werke vorstellen und auch ein allgemeines Bild seiner Zeit zeichnen. Bei literarischen Begegnungen werden B\u00fccher \u00fcber den ber\u00fchmten Komponisten pr\u00e4sentiert. Und das Quiz &#8222;Kennst du diese Werke?&#8220; wird den Teilnehmern gewiss viel Neues vermitteln. Schlie\u00dflich bietet der musikalische Flashmob die M\u00f6glichkeit, frisch und kreativ mit der Kunst Beethovens umzugehen.<\/p>\n\n\n\n<p>In diesem besonderen Jahr sind die Deutschen Tage auch Teil des \u201eDeutschlandjahrs in Russland 2020\/21\u201c, in dessen Rahmen viele verschiedene Veranstaltungen in ganz Russland stattfinden. Am 26. September wurde es offiziell er\u00f6ffnet. Und im Jahr 2021 j\u00e4hrt sich zudem die Regionalpartnerschaft des Gebiets Jaroslawl und dem deutschen Bundesland Hessen zum 30. Mal. Ein weiterer guter Grund zum Feiern, denn die Partnerschaft ist mit Aktivit\u00e4ten in zahlreichen Bereichen \u2013 z.B. beim Jugendaustausch \u2013 sehr lebendig.<\/p>\n\n\n\n<p>Mein aufrichtiger Dank gilt den Organisatoren des Festivals der Deutschen Tage, insbesondere dem Deutsch-Russischen Freundschaftsverein Jaroslawl, f\u00fcr Ihr au\u00dferordentliches Engagement! Ich freue mich auf das bevorstehende Er\u00f6ffnungsprogramm \u2013 und Ihnen, liebe G\u00e4ste, w\u00fcnsche ich interessante Begegnungen und viele unvergessliche Eindr\u00fccke!<\/p>\n\n\n\n<p>Auch auf der Web-Seite der Deutschen Botschaft:<\/p>\n\n\n\n<p><a href=\"https:\/\/germania.diplo.de\/ru-de\/vertretungen\/botschaft\/-\/2398628\">https:\/\/germania.diplo.de\/ru-de\/vertretungen\/botschaft\/-\/2398628<\/a><\/p>\n","protected":false},"excerpt":{"rendered":"<p>Sehr geehrte Damen und Herren, sehr geehrte Teilnehmerinnen und Teilnehmer der Deutschen Tage in Jaroslawl, liebe Freunde Deutschlands, der deutschen Sprache und Kultur! Kultur verbindet Menschen \u00fcber alle Grenzen hinweg. So ist es immer wieder durch kulturellen Austausch gelungen, Br\u00fccken zwischen Russland und Deutschland neu zu schlagen oder zu erhalten. Die diesj\u00e4hrigen, mittlerweile lange bew\u00e4hrten, [&hellip;]<\/p>\n","protected":false},"author":2,"featured_media":464,"comment_status":"closed","ping_status":"open","sticky":false,"template":"","format":"standard","meta":[],"categories":[5],"tags":[],"yoast_head":"<!-- This site is optimized with the Yoast SEO plugin v14.9 - https:\/\/yoast.com\/wordpress\/plugins\/seo\/ -->\n<title>Grusswort des Botschafters von Geyr fuer die Deutschen Tage 2020 in der Region Jaroslawl - Deutsche Tage in der Region Jaroslawl<\/title>\n<meta name=\"robots\" content=\"index, follow, max-snippet:-1, max-image-preview:large, max-video-preview:-1\" \/>\n<link rel=\"canonical\" href=\"https:\/\/yar.deutschetage.ru\/privetstvie-posla-frg-uchastnikam-festivalya\/\" \/>\n<meta property=\"og:locale\" content=\"de_DE\" \/>\n<meta property=\"og:type\" content=\"article\" \/>\n<meta property=\"og:title\" content=\"Grusswort des Botschafters von Geyr fuer die Deutschen Tage 2020 in der Region Jaroslawl - Deutsche Tage in der Region Jaroslawl\" \/>\n<meta property=\"og:url\" content=\"https:\/\/yar.deutschetage.ru\/privetstvie-posla-frg-uchastnikam-festivalya\/\" \/>\n<meta property=\"og:site_name\" content=\"Deutsche Tage in der Region Jaroslawl\" \/>\n<meta property=\"article:publisher\" content=\"https:\/\/www.facebook.com\/groups\/druzjagermanii\" \/>\n<meta property=\"article:published_time\" content=\"2020-09-29T06:47:20+00:00\" \/>\n<meta property=\"article:modified_time\" content=\"2020-09-30T09:07:18+00:00\" \/>\n<meta property=\"og:image\" content=\"https:\/\/yar.deutschetage.ru\/wp-content\/uploads\/2020\/09\/l-1-teaserbild-data.jpg\" \/>\n\t<meta property=\"og:image:width\" content=\"939\" \/>\n\t<meta property=\"og:image:height\" content=\"1230\" \/>\n<meta name=\"twitter:card\" content=\"summary_large_image\" \/>\n<script type=\"application\/ld+json\" class=\"yoast-schema-graph\">{\"@context\":\"https:\/\/schema.org\",\"@graph\":[{\"@type\":\"WebSite\",\"@id\":\"https:\/\/yar.deutschetage.ru\/de\/#website\",\"url\":\"https:\/\/yar.deutschetage.ru\/de\/\",\"name\":\"Deutsche Tage in der Region Jaroslawl\",\"description\":\"Wissenschaftliche Fantastik oder fantastische Wissenschaft\",\"potentialAction\":[{\"@type\":\"SearchAction\",\"target\":\"https:\/\/yar.deutschetage.ru\/de\/?s={search_term_string}\",\"query-input\":\"required name=search_term_string\"}],\"inLanguage\":\"de-DE\"},{\"@type\":\"ImageObject\",\"@id\":\"https:\/\/yar.deutschetage.ru\/privetstvie-posla-frg-uchastnikam-festivalya\/#primaryimage\",\"inLanguage\":\"de-DE\",\"url\":\"https:\/\/yar.deutschetage.ru\/wp-content\/uploads\/2020\/09\/l-1-teaserbild-data.jpg\",\"width\":939,\"height\":1230},{\"@type\":\"WebPage\",\"@id\":\"https:\/\/yar.deutschetage.ru\/privetstvie-posla-frg-uchastnikam-festivalya\/#webpage\",\"url\":\"https:\/\/yar.deutschetage.ru\/privetstvie-posla-frg-uchastnikam-festivalya\/\",\"name\":\"Grusswort des Botschafters von Geyr fuer die Deutschen Tage 2020 in der Region Jaroslawl - Deutsche Tage in der Region Jaroslawl\",\"isPartOf\":{\"@id\":\"https:\/\/yar.deutschetage.ru\/de\/#website\"},\"primaryImageOfPage\":{\"@id\":\"https:\/\/yar.deutschetage.ru\/privetstvie-posla-frg-uchastnikam-festivalya\/#primaryimage\"},\"datePublished\":\"2020-09-29T06:47:20+00:00\",\"dateModified\":\"2020-09-30T09:07:18+00:00\",\"author\":{\"@id\":\"https:\/\/yar.deutschetage.ru\/de\/#\/schema\/person\/4f39fe90cebbcc93ada07890317ab455\"},\"breadcrumb\":{\"@id\":\"https:\/\/yar.deutschetage.ru\/privetstvie-posla-frg-uchastnikam-festivalya\/#breadcrumb\"},\"inLanguage\":\"de-DE\",\"potentialAction\":[{\"@type\":\"ReadAction\",\"target\":[\"https:\/\/yar.deutschetage.ru\/privetstvie-posla-frg-uchastnikam-festivalya\/\"]}]},{\"@type\":\"BreadcrumbList\",\"@id\":\"https:\/\/yar.deutschetage.ru\/privetstvie-posla-frg-uchastnikam-festivalya\/#breadcrumb\",\"itemListElement\":[{\"@type\":\"ListItem\",\"position\":1,\"item\":{\"@type\":\"WebPage\",\"@id\":\"https:\/\/yar.deutschetage.ru\/\",\"url\":\"https:\/\/yar.deutschetage.ru\/\",\"name\":\"\\u0413\\u043b\\u0430\\u0432\\u043d\\u0430\\u044f\"}},{\"@type\":\"ListItem\",\"position\":2,\"item\":{\"@type\":\"WebPage\",\"@id\":\"https:\/\/yar.deutschetage.ru\/privetstvie-posla-frg-uchastnikam-festivalya\/\",\"url\":\"https:\/\/yar.deutschetage.ru\/privetstvie-posla-frg-uchastnikam-festivalya\/\",\"name\":\"\\u041f\\u0440\\u0438\\u0432\\u0435\\u0442\\u0441\\u0442\\u0432\\u0438\\u0435 \\u041f\\u043e\\u0441\\u043b\\u0430 \\u0424\\u0420\\u0413 \\u0443\\u0447\\u0430\\u0441\\u0442\\u043d\\u0438\\u043a\\u0430\\u043c \\u0444\\u0435\\u0441\\u0442\\u0438\\u0432\\u0430\\u043b\\u044f\"}}]},{\"@type\":\"Person\",\"@id\":\"https:\/\/yar.deutschetage.ru\/de\/#\/schema\/person\/4f39fe90cebbcc93ada07890317ab455\",\"name\":\"\\u0412\\u0430\\u043b\\u0435\\u043d\\u0442\\u0438\\u043d\\u0430\",\"image\":{\"@type\":\"ImageObject\",\"@id\":\"https:\/\/yar.deutschetage.ru\/de\/#personlogo\",\"inLanguage\":\"de-DE\",\"url\":\"https:\/\/secure.gravatar.com\/avatar\/1fe39c6a447b1a4ad661671d48304a9e?s=96&d=mm&r=g\",\"caption\":\"\\u0412\\u0430\\u043b\\u0435\\u043d\\u0442\\u0438\\u043d\\u0430\"}}]}<\/script>\n<!-- \/ Yoast SEO plugin. -->","_links":{"self":[{"href":"https:\/\/yar.deutschetage.ru\/de\/wp-json\/wp\/v2\/posts\/463"}],"collection":[{"href":"https:\/\/yar.deutschetage.ru\/de\/wp-json\/wp\/v2\/posts"}],"about":[{"href":"https:\/\/yar.deutschetage.ru\/de\/wp-json\/wp\/v2\/types\/post"}],"author":[{"embeddable":true,"href":"https:\/\/yar.deutschetage.ru\/de\/wp-json\/wp\/v2\/users\/2"}],"replies":[{"embeddable":true,"href":"https:\/\/yar.deutschetage.ru\/de\/wp-json\/wp\/v2\/comments?post=463"}],"version-history":[{"count":5,"href":"https:\/\/yar.deutschetage.ru\/de\/wp-json\/wp\/v2\/posts\/463\/revisions"}],"predecessor-version":[{"id":483,"href":"https:\/\/yar.deutschetage.ru\/de\/wp-json\/wp\/v2\/posts\/463\/revisions\/483"}],"wp:featuredmedia":[{"embeddable":true,"href":"https:\/\/yar.deutschetage.ru\/de\/wp-json\/wp\/v2\/media\/464"}],"wp:attachment":[{"href":"https:\/\/yar.deutschetage.ru\/de\/wp-json\/wp\/v2\/media?parent=463"}],"wp:term":[{"taxonomy":"category","embeddable":true,"href":"https:\/\/yar.deutschetage.ru\/de\/wp-json\/wp\/v2\/categories?post=463"},{"taxonomy":"post_tag","embeddable":true,"href":"https:\/\/yar.deutschetage.ru\/de\/wp-json\/wp\/v2\/tags?post=463"}],"curies":[{"name":"wp","href":"https:\/\/api.w.org\/{rel}","templated":true}]}}