{"id":467,"date":"2020-09-29T15:27:25","date_gmt":"2020-09-29T15:27:25","guid":{"rendered":"https:\/\/yar.deutschetage.ru\/?p=467"},"modified":"2020-10-22T12:14:48","modified_gmt":"2020-10-22T12:14:48","slug":"29-sentyabrya-torzhestvennoe-otkrytie","status":"publish","type":"post","link":"https:\/\/yar.deutschetage.ru\/de\/29-sentyabrya-torzhestvennoe-otkrytie\/","title":{"rendered":"29. September &#8211; Feierliche Eroeffnung der Deutschen Tage in Jaroslawl"},"content":{"rendered":"\n<p>Am 29.September in dem Gro\u00dfen Saal der Stadtverwaltung Jaroslawl fand feierliche Er\u00f6ffnung der Deutschen Tagen 2020.<\/p>\n\n\n\n<p>Der stellvertretender Oberb\u00fcrgermeister der Stadt Jaroslawl Wjatscheslaw Gawrilow und der Berater des Gouverneurs der Region Jaroslawl Anton Somonow begr\u00fc\u00dften den Teilnehmer des Festivals. <\/p>\n\n\n\n<p>Eine Begr\u00fc\u00dfungstelegramm f\u00fcr Jaroslawler schickte auch der Botschafter von Geyr.<\/p>\n\n\n\n<p>Das Musikprogramm der Veranstaltung wurde durch Sch\u00fcler der Waldorf-Schule Jaroslawl vorbereitet und durchgef\u00fchrt.<\/p>\n\n\n\n<p>Anbei ist volle Version der \u00dcbertragung.<\/p>\n\n\n\n<figure class=\"wp-block-embed-youtube wp-block-embed is-type-video is-provider-youtube wp-embed-aspect-16-9 wp-has-aspect-ratio\"><div class=\"wp-block-embed__wrapper\">\n<iframe title=\"\u041e\u0442\u043a\u0440\u044b\u0442\u0438\u0435 \u0414\u043d\u0435\u0438\u0306 \u0413\u0435\u0440\u043c\u0430\u043d\u0438\u0438 29 09 \u0441 \u0441\u0443\u0431\u0442\u0438\u0442\u0440\u0430\u043c\u0438\" width=\"800\" height=\"450\" src=\"https:\/\/www.youtube.com\/embed\/s4d6dLbDw00?feature=oembed\" frameborder=\"0\" allow=\"accelerometer; autoplay; clipboard-write; encrypted-media; gyroscope; picture-in-picture\" allowfullscreen><\/iframe>\n<\/div><\/figure>\n","protected":false},"excerpt":{"rendered":"<p>Am 29.September in dem Gro\u00dfen Saal der Stadtverwaltung Jaroslawl fand feierliche Er\u00f6ffnung der Deutschen Tagen 2020. Der stellvertretender Oberb\u00fcrgermeister der Stadt Jaroslawl Wjatscheslaw Gawrilow und der Berater des Gouverneurs der Region Jaroslawl Anton Somonow begr\u00fc\u00dften den Teilnehmer des Festivals. Eine Begr\u00fc\u00dfungstelegramm f\u00fcr Jaroslawler schickte auch der Botschafter von Geyr. Das Musikprogramm der Veranstaltung wurde durch [&hellip;]<\/p>\n","protected":false},"author":2,"featured_media":543,"comment_status":"closed","ping_status":"open","sticky":false,"template":"","format":"standard","meta":[],"categories":[4],"tags":[],"yoast_head":"<!-- This site is optimized with the Yoast SEO plugin v14.9 - https:\/\/yoast.com\/wordpress\/plugins\/seo\/ -->\n<title>29. September - Feierliche Eroeffnung der Deutschen Tage in Jaroslawl - Deutsche Tage in der Region Jaroslawl<\/title>\n<meta name=\"robots\" content=\"index, follow, max-snippet:-1, max-image-preview:large, max-video-preview:-1\" \/>\n<link rel=\"canonical\" href=\"https:\/\/yar.deutschetage.ru\/29-sentyabrya-torzhestvennoe-otkrytie\/\" \/>\n<meta property=\"og:locale\" content=\"de_DE\" \/>\n<meta property=\"og:type\" content=\"article\" \/>\n<meta property=\"og:title\" content=\"29. September - Feierliche Eroeffnung der Deutschen Tage in Jaroslawl - Deutsche Tage in der Region Jaroslawl\" \/>\n<meta property=\"og:url\" content=\"https:\/\/yar.deutschetage.ru\/29-sentyabrya-torzhestvennoe-otkrytie\/\" \/>\n<meta property=\"og:site_name\" content=\"Deutsche Tage in der Region Jaroslawl\" \/>\n<meta property=\"article:publisher\" content=\"https:\/\/www.facebook.com\/groups\/druzjagermanii\" \/>\n<meta property=\"article:published_time\" content=\"2020-09-29T15:27:25+00:00\" \/>\n<meta property=\"article:modified_time\" content=\"2020-10-22T12:14:48+00:00\" \/>\n<meta property=\"og:image\" content=\"https:\/\/yar.deutschetage.ru\/wp-content\/uploads\/2020\/10\/snimok-ekrana-2020-10-07-v-13.13.24.png\" \/>\n\t<meta property=\"og:image:width\" content=\"1020\" \/>\n\t<meta property=\"og:image:height\" content=\"570\" \/>\n<meta name=\"twitter:card\" content=\"summary_large_image\" \/>\n<script type=\"application\/ld+json\" class=\"yoast-schema-graph\">{\"@context\":\"https:\/\/schema.org\",\"@graph\":[{\"@type\":\"WebSite\",\"@id\":\"https:\/\/yar.deutschetage.ru\/de\/#website\",\"url\":\"https:\/\/yar.deutschetage.ru\/de\/\",\"name\":\"Deutsche Tage in der Region Jaroslawl\",\"description\":\"Wissenschaftliche Fantastik oder fantastische Wissenschaft\",\"potentialAction\":[{\"@type\":\"SearchAction\",\"target\":\"https:\/\/yar.deutschetage.ru\/de\/?s={search_term_string}\",\"query-input\":\"required name=search_term_string\"}],\"inLanguage\":\"de-DE\"},{\"@type\":\"ImageObject\",\"@id\":\"https:\/\/yar.deutschetage.ru\/29-sentyabrya-torzhestvennoe-otkrytie\/#primaryimage\",\"inLanguage\":\"de-DE\",\"url\":\"https:\/\/yar.deutschetage.ru\/wp-content\/uploads\/2020\/10\/snimok-ekrana-2020-10-07-v-13.13.24.png\",\"width\":1020,\"height\":570},{\"@type\":\"WebPage\",\"@id\":\"https:\/\/yar.deutschetage.ru\/29-sentyabrya-torzhestvennoe-otkrytie\/#webpage\",\"url\":\"https:\/\/yar.deutschetage.ru\/29-sentyabrya-torzhestvennoe-otkrytie\/\",\"name\":\"29. September - Feierliche Eroeffnung der Deutschen Tage in Jaroslawl - Deutsche Tage in der Region Jaroslawl\",\"isPartOf\":{\"@id\":\"https:\/\/yar.deutschetage.ru\/de\/#website\"},\"primaryImageOfPage\":{\"@id\":\"https:\/\/yar.deutschetage.ru\/29-sentyabrya-torzhestvennoe-otkrytie\/#primaryimage\"},\"datePublished\":\"2020-09-29T15:27:25+00:00\",\"dateModified\":\"2020-10-22T12:14:48+00:00\",\"author\":{\"@id\":\"https:\/\/yar.deutschetage.ru\/de\/#\/schema\/person\/4f39fe90cebbcc93ada07890317ab455\"},\"breadcrumb\":{\"@id\":\"https:\/\/yar.deutschetage.ru\/29-sentyabrya-torzhestvennoe-otkrytie\/#breadcrumb\"},\"inLanguage\":\"de-DE\",\"potentialAction\":[{\"@type\":\"ReadAction\",\"target\":[\"https:\/\/yar.deutschetage.ru\/29-sentyabrya-torzhestvennoe-otkrytie\/\"]}]},{\"@type\":\"BreadcrumbList\",\"@id\":\"https:\/\/yar.deutschetage.ru\/29-sentyabrya-torzhestvennoe-otkrytie\/#breadcrumb\",\"itemListElement\":[{\"@type\":\"ListItem\",\"position\":1,\"item\":{\"@type\":\"WebPage\",\"@id\":\"https:\/\/yar.deutschetage.ru\/\",\"url\":\"https:\/\/yar.deutschetage.ru\/\",\"name\":\"\\u0413\\u043b\\u0430\\u0432\\u043d\\u0430\\u044f\"}},{\"@type\":\"ListItem\",\"position\":2,\"item\":{\"@type\":\"WebPage\",\"@id\":\"https:\/\/yar.deutschetage.ru\/29-sentyabrya-torzhestvennoe-otkrytie\/\",\"url\":\"https:\/\/yar.deutschetage.ru\/29-sentyabrya-torzhestvennoe-otkrytie\/\",\"name\":\"29 \\u0441\\u0435\\u043d\\u0442\\u044f\\u0431\\u0440\\u044f &#8212; \\u0422\\u043e\\u0440\\u0436\\u0435\\u0441\\u0442\\u0432\\u0435\\u043d\\u043d\\u043e\\u0435 \\u043e\\u0442\\u043a\\u0440\\u044b\\u0442\\u0438\\u0435 \\u0444\\u0435\\u0441\\u0442\\u0438\\u0432\\u0430\\u043b\\u044f\"}}]},{\"@type\":\"Person\",\"@id\":\"https:\/\/yar.deutschetage.ru\/de\/#\/schema\/person\/4f39fe90cebbcc93ada07890317ab455\",\"name\":\"\\u0412\\u0430\\u043b\\u0435\\u043d\\u0442\\u0438\\u043d\\u0430\",\"image\":{\"@type\":\"ImageObject\",\"@id\":\"https:\/\/yar.deutschetage.ru\/de\/#personlogo\",\"inLanguage\":\"de-DE\",\"url\":\"https:\/\/secure.gravatar.com\/avatar\/1fe39c6a447b1a4ad661671d48304a9e?s=96&d=mm&r=g\",\"caption\":\"\\u0412\\u0430\\u043b\\u0435\\u043d\\u0442\\u0438\\u043d\\u0430\"}}]}<\/script>\n<!-- \/ Yoast SEO plugin. -->","_links":{"self":[{"href":"https:\/\/yar.deutschetage.ru\/de\/wp-json\/wp\/v2\/posts\/467"}],"collection":[{"href":"https:\/\/yar.deutschetage.ru\/de\/wp-json\/wp\/v2\/posts"}],"about":[{"href":"https:\/\/yar.deutschetage.ru\/de\/wp-json\/wp\/v2\/types\/post"}],"author":[{"embeddable":true,"href":"https:\/\/yar.deutschetage.ru\/de\/wp-json\/wp\/v2\/users\/2"}],"replies":[{"embeddable":true,"href":"https:\/\/yar.deutschetage.ru\/de\/wp-json\/wp\/v2\/comments?post=467"}],"version-history":[{"count":8,"href":"https:\/\/yar.deutschetage.ru\/de\/wp-json\/wp\/v2\/posts\/467\/revisions"}],"predecessor-version":[{"id":507,"href":"https:\/\/yar.deutschetage.ru\/de\/wp-json\/wp\/v2\/posts\/467\/revisions\/507"}],"wp:featuredmedia":[{"embeddable":true,"href":"https:\/\/yar.deutschetage.ru\/de\/wp-json\/wp\/v2\/media\/543"}],"wp:attachment":[{"href":"https:\/\/yar.deutschetage.ru\/de\/wp-json\/wp\/v2\/media?parent=467"}],"wp:term":[{"taxonomy":"category","embeddable":true,"href":"https:\/\/yar.deutschetage.ru\/de\/wp-json\/wp\/v2\/categories?post=467"},{"taxonomy":"post_tag","embeddable":true,"href":"https:\/\/yar.deutschetage.ru\/de\/wp-json\/wp\/v2\/tags?post=467"}],"curies":[{"name":"wp","href":"https:\/\/api.w.org\/{rel}","templated":true}]}}