{"id":722,"date":"2020-10-21T09:30:04","date_gmt":"2020-10-21T09:30:04","guid":{"rendered":"https:\/\/yar.deutschetage.ru\/?p=722"},"modified":"2020-10-21T10:24:21","modified_gmt":"2020-10-21T10:24:21","slug":"21-oktyabrya-prezentacziya-proekta-nash-chistyj-dom-yaroslavskij-region","status":"publish","type":"post","link":"https:\/\/yar.deutschetage.ru\/de\/21-oktyabrya-prezentacziya-proekta-nash-chistyj-dom-yaroslavskij-region\/","title":{"rendered":"21.Oktober &#8211; Projektpraesentation   &#8222;Unsere sauberhafte Region Jaroslawl&#8220;"},"content":{"rendered":"\n<p>Im August 2020 startete das Online-Projekt des Russisch-Deutsch-Franz\u00f6sischen Freundschaftsvereins Jaroslawl  &#8211; &#8222;Unser sauberes Haus &#8211; Region Jaroslawl&#8220;.   Zur Umsetzung des Projekts wurde eine Internet-Plattform entwickelt:<\/p>\n\n\n\n<p><a href=\"https:\/\/eco.rudefra.ru\/\">https:\/\/eco.rudefra.ru\/<\/a><\/p>\n\n\n\n<p>Ziel des Projekts ist es, das Bewusstsein f\u00fcr die Umwelt, den Wert der Ressourcen und die Bedeutung der Abfallvermeidung zu sch\u00e4rfen. Die Internet-Plattform soll die Bev\u00f6lkerung der Region Jaroslawl \u00fcber n\u00fctzliche zivile Initiativen und Ma\u00dfnahmen sowie \u00fcber die Erfahrungen deutscher Partner informieren.<\/p>\n\n\n\n<p>Das Projekt wird mit Unterst\u00fctzung des Ministeriums f\u00fcr Umweltschutz und Bewirtschaftung nat\u00fcrlicher Ressourcen der Region Jaroslawl und der Regierung des Landes Hessen (Deutschland) durchgef\u00fchrt.<\/p>\n\n\n\n<p>Eine der ersten Aktivit\u00e4ten des Projekts war der Malwettbewerb f\u00fcr Kinder \u201eWir malen ein Umweltplakat\u201c. Kinder zeichneten nicht nur, sondern diskutierten auch die Probleme, die sie in der Umwelt sahen. Die besten Arbeiten mit Kommentaren werden auf der Projekt-Plattform pr\u00e4sentiert. Das Ergebnis eines solchen spontanen \u201eUmwelt-Workshops\u201c war ein atemberaubendes Video. Wir machen Sie darauf aufmerksam.<\/p>\n\n\n\n<figure class=\"wp-block-embed-youtube wp-block-embed is-type-video is-provider-youtube wp-embed-aspect-16-9 wp-has-aspect-ratio\"><div class=\"wp-block-embed__wrapper\">\n<iframe title=\"\u042d\u041a\u041e\u0420\u041e\u041b\u0418\u041a\" width=\"800\" height=\"450\" src=\"https:\/\/www.youtube.com\/embed\/HSFCgUGiyGw?feature=oembed\" frameborder=\"0\" allow=\"accelerometer; autoplay; clipboard-write; encrypted-media; gyroscope; picture-in-picture\" allowfullscreen><\/iframe>\n<\/div><\/figure>\n","protected":false},"excerpt":{"rendered":"<p>Im August 2020 startete das Online-Projekt des Russisch-Deutsch-Franz\u00f6sischen Freundschaftsvereins Jaroslawl &#8211; &#8222;Unser sauberes Haus &#8211; Region Jaroslawl&#8220;. Zur Umsetzung des Projekts wurde eine Internet-Plattform entwickelt: https:\/\/eco.rudefra.ru\/ Ziel des Projekts ist es, das Bewusstsein f\u00fcr die Umwelt, den Wert der Ressourcen und die Bedeutung der Abfallvermeidung zu sch\u00e4rfen. Die Internet-Plattform soll die Bev\u00f6lkerung der Region Jaroslawl [&hellip;]<\/p>\n","protected":false},"author":1,"featured_media":723,"comment_status":"closed","ping_status":"open","sticky":false,"template":"","format":"standard","meta":[],"categories":[4],"tags":[],"yoast_head":"<!-- This site is optimized with the Yoast SEO plugin v14.9 - https:\/\/yoast.com\/wordpress\/plugins\/seo\/ -->\n<title>21.Oktober - Projektpraesentation  &quot;Unsere sauberhafte Region Jaroslawl&quot;  - Deutsche Tage in der Region Jaroslawl<\/title>\n<meta name=\"robots\" content=\"index, follow, max-snippet:-1, max-image-preview:large, max-video-preview:-1\" \/>\n<link rel=\"canonical\" href=\"https:\/\/yar.deutschetage.ru\/21-oktyabrya-prezentacziya-proekta-nash-chistyj-dom-yaroslavskij-region\/\" \/>\n<meta property=\"og:locale\" content=\"de_DE\" \/>\n<meta property=\"og:type\" content=\"article\" \/>\n<meta property=\"og:title\" content=\"21.Oktober - Projektpraesentation  &quot;Unsere sauberhafte Region Jaroslawl&quot;  - Deutsche Tage in der Region Jaroslawl\" \/>\n<meta property=\"og:url\" content=\"https:\/\/yar.deutschetage.ru\/21-oktyabrya-prezentacziya-proekta-nash-chistyj-dom-yaroslavskij-region\/\" \/>\n<meta property=\"og:site_name\" content=\"Deutsche Tage in der Region Jaroslawl\" \/>\n<meta property=\"article:publisher\" content=\"https:\/\/www.facebook.com\/groups\/druzjagermanii\" \/>\n<meta property=\"article:published_time\" content=\"2020-10-21T09:30:04+00:00\" \/>\n<meta property=\"article:modified_time\" content=\"2020-10-21T10:24:21+00:00\" \/>\n<meta property=\"og:image\" content=\"https:\/\/yar.deutschetage.ru\/wp-content\/uploads\/2020\/10\/snimok-ekrana-2020-10-21-v-12.29.10.png\" \/>\n\t<meta property=\"og:image:width\" content=\"1154\" \/>\n\t<meta property=\"og:image:height\" content=\"902\" \/>\n<meta name=\"twitter:card\" content=\"summary_large_image\" \/>\n<script type=\"application\/ld+json\" class=\"yoast-schema-graph\">{\"@context\":\"https:\/\/schema.org\",\"@graph\":[{\"@type\":\"WebSite\",\"@id\":\"https:\/\/yar.deutschetage.ru\/de\/#website\",\"url\":\"https:\/\/yar.deutschetage.ru\/de\/\",\"name\":\"Deutsche Tage in der Region Jaroslawl\",\"description\":\"Wissenschaftliche Fantastik oder fantastische Wissenschaft\",\"potentialAction\":[{\"@type\":\"SearchAction\",\"target\":\"https:\/\/yar.deutschetage.ru\/de\/?s={search_term_string}\",\"query-input\":\"required name=search_term_string\"}],\"inLanguage\":\"de-DE\"},{\"@type\":\"ImageObject\",\"@id\":\"https:\/\/yar.deutschetage.ru\/21-oktyabrya-prezentacziya-proekta-nash-chistyj-dom-yaroslavskij-region\/#primaryimage\",\"inLanguage\":\"de-DE\",\"url\":\"https:\/\/yar.deutschetage.ru\/wp-content\/uploads\/2020\/10\/snimok-ekrana-2020-10-21-v-12.29.10.png\",\"width\":1154,\"height\":902},{\"@type\":\"WebPage\",\"@id\":\"https:\/\/yar.deutschetage.ru\/21-oktyabrya-prezentacziya-proekta-nash-chistyj-dom-yaroslavskij-region\/#webpage\",\"url\":\"https:\/\/yar.deutschetage.ru\/21-oktyabrya-prezentacziya-proekta-nash-chistyj-dom-yaroslavskij-region\/\",\"name\":\"21.Oktober - Projektpraesentation \\\"Unsere sauberhafte Region Jaroslawl\\\"  - Deutsche Tage in der Region Jaroslawl\",\"isPartOf\":{\"@id\":\"https:\/\/yar.deutschetage.ru\/de\/#website\"},\"primaryImageOfPage\":{\"@id\":\"https:\/\/yar.deutschetage.ru\/21-oktyabrya-prezentacziya-proekta-nash-chistyj-dom-yaroslavskij-region\/#primaryimage\"},\"datePublished\":\"2020-10-21T09:30:04+00:00\",\"dateModified\":\"2020-10-21T10:24:21+00:00\",\"author\":{\"@id\":\"https:\/\/yar.deutschetage.ru\/de\/#\/schema\/person\/2245fbabe51e87216bd23df044af4cdd\"},\"breadcrumb\":{\"@id\":\"https:\/\/yar.deutschetage.ru\/21-oktyabrya-prezentacziya-proekta-nash-chistyj-dom-yaroslavskij-region\/#breadcrumb\"},\"inLanguage\":\"de-DE\",\"potentialAction\":[{\"@type\":\"ReadAction\",\"target\":[\"https:\/\/yar.deutschetage.ru\/21-oktyabrya-prezentacziya-proekta-nash-chistyj-dom-yaroslavskij-region\/\"]}]},{\"@type\":\"BreadcrumbList\",\"@id\":\"https:\/\/yar.deutschetage.ru\/21-oktyabrya-prezentacziya-proekta-nash-chistyj-dom-yaroslavskij-region\/#breadcrumb\",\"itemListElement\":[{\"@type\":\"ListItem\",\"position\":1,\"item\":{\"@type\":\"WebPage\",\"@id\":\"https:\/\/yar.deutschetage.ru\/\",\"url\":\"https:\/\/yar.deutschetage.ru\/\",\"name\":\"\\u0413\\u043b\\u0430\\u0432\\u043d\\u0430\\u044f\"}},{\"@type\":\"ListItem\",\"position\":2,\"item\":{\"@type\":\"WebPage\",\"@id\":\"https:\/\/yar.deutschetage.ru\/21-oktyabrya-prezentacziya-proekta-nash-chistyj-dom-yaroslavskij-region\/\",\"url\":\"https:\/\/yar.deutschetage.ru\/21-oktyabrya-prezentacziya-proekta-nash-chistyj-dom-yaroslavskij-region\/\",\"name\":\"21 \\u043e\\u043a\\u0442\\u044f\\u0431\\u0440\\u044f &#8212; \\u041f\\u0440\\u0435\\u0437\\u0435\\u043d\\u0442\\u0430\\u0446\\u0438\\u044f \\u043f\\u0440\\u043e\\u0435\\u043a\\u0442\\u0430 &#171;\\u041d\\u0430\\u0448 \\u0447\\u0438\\u0441\\u0442\\u044b\\u0439 \\u0434\\u043e\\u043c &#8212; \\u042f\\u0440\\u043e\\u0441\\u043b\\u0430\\u0432\\u0441\\u043a\\u0438\\u0439 \\u0440\\u0435\\u0433\\u0438\\u043e\\u043d&#187;\"}}]},{\"@type\":\"Person\",\"@id\":\"https:\/\/yar.deutschetage.ru\/de\/#\/schema\/person\/2245fbabe51e87216bd23df044af4cdd\",\"name\":\"admin\",\"image\":{\"@type\":\"ImageObject\",\"@id\":\"https:\/\/yar.deutschetage.ru\/de\/#personlogo\",\"inLanguage\":\"de-DE\",\"url\":\"https:\/\/secure.gravatar.com\/avatar\/9edfe14db71d8cc87d79077644a41dae?s=96&d=mm&r=g\",\"caption\":\"admin\"}}]}<\/script>\n<!-- \/ Yoast SEO plugin. -->","_links":{"self":[{"href":"https:\/\/yar.deutschetage.ru\/de\/wp-json\/wp\/v2\/posts\/722"}],"collection":[{"href":"https:\/\/yar.deutschetage.ru\/de\/wp-json\/wp\/v2\/posts"}],"about":[{"href":"https:\/\/yar.deutschetage.ru\/de\/wp-json\/wp\/v2\/types\/post"}],"author":[{"embeddable":true,"href":"https:\/\/yar.deutschetage.ru\/de\/wp-json\/wp\/v2\/users\/1"}],"replies":[{"embeddable":true,"href":"https:\/\/yar.deutschetage.ru\/de\/wp-json\/wp\/v2\/comments?post=722"}],"version-history":[{"count":4,"href":"https:\/\/yar.deutschetage.ru\/de\/wp-json\/wp\/v2\/posts\/722\/revisions"}],"predecessor-version":[{"id":730,"href":"https:\/\/yar.deutschetage.ru\/de\/wp-json\/wp\/v2\/posts\/722\/revisions\/730"}],"wp:featuredmedia":[{"embeddable":true,"href":"https:\/\/yar.deutschetage.ru\/de\/wp-json\/wp\/v2\/media\/723"}],"wp:attachment":[{"href":"https:\/\/yar.deutschetage.ru\/de\/wp-json\/wp\/v2\/media?parent=722"}],"wp:term":[{"taxonomy":"category","embeddable":true,"href":"https:\/\/yar.deutschetage.ru\/de\/wp-json\/wp\/v2\/categories?post=722"},{"taxonomy":"post_tag","embeddable":true,"href":"https:\/\/yar.deutschetage.ru\/de\/wp-json\/wp\/v2\/tags?post=722"}],"curies":[{"name":"wp","href":"https:\/\/api.w.org\/{rel}","templated":true}]}}