{"id":945,"date":"2020-12-25T12:23:25","date_gmt":"2020-12-25T12:23:25","guid":{"rendered":"https:\/\/yar.deutschetage.ru\/?p=945"},"modified":"2021-01-26T14:58:23","modified_gmt":"2021-01-26T14:58:23","slug":"dni-germanii-v-yaroslavskoj-oblasti-2019","status":"publish","type":"post","link":"https:\/\/yar.deutschetage.ru\/de\/dni-germanii-v-yaroslavskoj-oblasti-2019\/","title":{"rendered":"Deutsche Tage in der Region Jaroslawl 2019"},"content":{"rendered":"\n<p><strong>FREUNDSCHAFT UND MUSIK OHNE GRENZEN<\/strong><\/p>\n\n\n\n<p>\u201eWo die Sprache aufh\u00f6rt, f\u00e4ngt die Musik an\u201c (E. T. A. Hoffmann)<\/p>\n\n\n\n<p>Das Event \u201eDeutsche Tage in der Region Jaroslawl\u201c hat seit 2004 eine erfolgreiche Geschichte und ist traditionell und zu erwartend gewesen. Als Eckpunkt der Veranstaltungen ist gemeinsame kreative T\u00e4tigkeit von deutschen und russischen Kindern und Jugendlichen, das beiderseitigen Interesse zu den Kulturen und freundschaftlichen Kontakten f\u00f6rdern. Das Festival schafft gute Voraussetzungen f\u00fcr die Verst\u00e4rkung der bestehenden Kontakte und f\u00fcr die Kn\u00fcpfung der neuen, und damit f\u00fcr die neuen Impulse in die deutsch-russische Freundschaftsbeziehungen.<\/p>\n\n\n\n<p>Im Jahr 2019 haben die Partnerschaften Jaroslawl-Hanau und Uglitsch-Idstein ihre 25.Jubileen gefeiert. Diese Ereignisse hatten ganz besondere Bedeutung f\u00fcr die B\u00fcrger beiden Regionen und wurden in der Thematik des Festivals \u201eDeutsche Tage in der Region Jaroslawl 2019\u201c gespiegelt.<\/p>\n\n\n\n<p>Festival \u201eDeutsche Tage in der Region Jaroslawl 2019\u201c findet unter dem Titel \u201eFreundschaft und Musik ohne Grenzen\u201c und mit dem Motto \u201eWo die Sprache aufh\u00f6rt, f\u00e4ngt die Musik an\u201c (E. T. A. Hoffmann) statt. Im 2019 werden mehrere Veranstaltungen mit gemeinsamer Teilnahme von deutschen und russischen Kinder und Jugendlichen geplant. Die Veranstaltungsorte waren die St\u00e4dte Pereslawl, Rostow und Jaroslawl.<\/p>\n\n\n\n<p>Bericht \u00fcber Veranstaltungen 2019 finden Sie hier:<\/p>\n\n\n\n<p><a href=\"https:\/\/drive.google.com\/file\/d\/1lackSpu5JcUMfY-pFYypD6gjfA-QXFK_\/view?usp=sharing\">https:\/\/drive.google.com\/file\/d\/1lackSpu5JcUMfY-pFYypD6gjfA-QXFK_\/view?usp=sharing<\/a><\/p>\n\n\n\n<figure class=\"wp-block-image size-large\"><img loading=\"lazy\" width=\"445\" height=\"310\" src=\"https:\/\/yar.deutschetage.ru\/wp-content\/uploads\/2020\/09\/petra-vajss-e1600091926489.png\" alt=\"\" class=\"wp-image-181\" srcset=\"https:\/\/yar.deutschetage.ru\/wp-content\/uploads\/2020\/09\/petra-vajss-e1600091926489.png 445w, https:\/\/yar.deutschetage.ru\/wp-content\/uploads\/2020\/09\/petra-vajss-e1600091926489-300x209.png 300w\" sizes=\"(max-width: 445px) 100vw, 445px\" \/><\/figure>\n","protected":false},"excerpt":{"rendered":"<p>FREUNDSCHAFT UND MUSIK OHNE GRENZEN \u201eWo die Sprache aufh\u00f6rt, f\u00e4ngt die Musik an\u201c (E. T. A. Hoffmann) Das Event \u201eDeutsche Tage in der Region Jaroslawl\u201c hat seit 2004 eine erfolgreiche Geschichte und ist traditionell und zu erwartend gewesen. Als Eckpunkt der Veranstaltungen ist gemeinsame kreative T\u00e4tigkeit von deutschen und russischen Kindern und Jugendlichen, das beiderseitigen [&hellip;]<\/p>\n","protected":false},"author":1,"featured_media":946,"comment_status":"closed","ping_status":"open","sticky":false,"template":"","format":"standard","meta":[],"categories":[6],"tags":[],"yoast_head":"<!-- This site is optimized with the Yoast SEO plugin v14.9 - https:\/\/yoast.com\/wordpress\/plugins\/seo\/ -->\n<title>Deutsche Tage in der Region Jaroslawl 2019 - Deutsche Tage in der Region Jaroslawl<\/title>\n<meta name=\"robots\" content=\"index, follow, max-snippet:-1, max-image-preview:large, max-video-preview:-1\" \/>\n<link rel=\"canonical\" href=\"https:\/\/yar.deutschetage.ru\/dni-germanii-v-yaroslavskoj-oblasti-2019\/\" \/>\n<meta property=\"og:locale\" content=\"de_DE\" \/>\n<meta property=\"og:type\" content=\"article\" \/>\n<meta property=\"og:title\" content=\"Deutsche Tage in der Region Jaroslawl 2019 - Deutsche Tage in der Region Jaroslawl\" \/>\n<meta property=\"og:url\" content=\"https:\/\/yar.deutschetage.ru\/dni-germanii-v-yaroslavskoj-oblasti-2019\/\" \/>\n<meta property=\"og:site_name\" content=\"Deutsche Tage in der Region Jaroslawl\" \/>\n<meta property=\"article:publisher\" content=\"https:\/\/www.facebook.com\/groups\/druzjagermanii\" \/>\n<meta property=\"article:published_time\" content=\"2020-12-25T12:23:25+00:00\" \/>\n<meta property=\"article:modified_time\" content=\"2021-01-26T14:58:23+00:00\" \/>\n<meta property=\"og:image\" content=\"https:\/\/yar.deutschetage.ru\/wp-content\/uploads\/2021\/01\/dsc0331.jpg\" \/>\n\t<meta property=\"og:image:width\" content=\"1000\" \/>\n\t<meta property=\"og:image:height\" content=\"1500\" \/>\n<meta name=\"twitter:card\" content=\"summary_large_image\" \/>\n<script type=\"application\/ld+json\" class=\"yoast-schema-graph\">{\"@context\":\"https:\/\/schema.org\",\"@graph\":[{\"@type\":\"WebSite\",\"@id\":\"https:\/\/yar.deutschetage.ru\/de\/#website\",\"url\":\"https:\/\/yar.deutschetage.ru\/de\/\",\"name\":\"Deutsche Tage in der Region Jaroslawl\",\"description\":\"Wissenschaftliche Fantastik oder fantastische Wissenschaft\",\"potentialAction\":[{\"@type\":\"SearchAction\",\"target\":\"https:\/\/yar.deutschetage.ru\/de\/?s={search_term_string}\",\"query-input\":\"required name=search_term_string\"}],\"inLanguage\":\"de-DE\"},{\"@type\":\"ImageObject\",\"@id\":\"https:\/\/yar.deutschetage.ru\/dni-germanii-v-yaroslavskoj-oblasti-2019\/#primaryimage\",\"inLanguage\":\"de-DE\",\"url\":\"https:\/\/yar.deutschetage.ru\/wp-content\/uploads\/2021\/01\/dsc0331.jpg\",\"width\":1000,\"height\":1500},{\"@type\":\"WebPage\",\"@id\":\"https:\/\/yar.deutschetage.ru\/dni-germanii-v-yaroslavskoj-oblasti-2019\/#webpage\",\"url\":\"https:\/\/yar.deutschetage.ru\/dni-germanii-v-yaroslavskoj-oblasti-2019\/\",\"name\":\"Deutsche Tage in der Region Jaroslawl 2019 - Deutsche Tage in der Region Jaroslawl\",\"isPartOf\":{\"@id\":\"https:\/\/yar.deutschetage.ru\/de\/#website\"},\"primaryImageOfPage\":{\"@id\":\"https:\/\/yar.deutschetage.ru\/dni-germanii-v-yaroslavskoj-oblasti-2019\/#primaryimage\"},\"datePublished\":\"2020-12-25T12:23:25+00:00\",\"dateModified\":\"2021-01-26T14:58:23+00:00\",\"author\":{\"@id\":\"https:\/\/yar.deutschetage.ru\/de\/#\/schema\/person\/2245fbabe51e87216bd23df044af4cdd\"},\"breadcrumb\":{\"@id\":\"https:\/\/yar.deutschetage.ru\/dni-germanii-v-yaroslavskoj-oblasti-2019\/#breadcrumb\"},\"inLanguage\":\"de-DE\",\"potentialAction\":[{\"@type\":\"ReadAction\",\"target\":[\"https:\/\/yar.deutschetage.ru\/dni-germanii-v-yaroslavskoj-oblasti-2019\/\"]}]},{\"@type\":\"BreadcrumbList\",\"@id\":\"https:\/\/yar.deutschetage.ru\/dni-germanii-v-yaroslavskoj-oblasti-2019\/#breadcrumb\",\"itemListElement\":[{\"@type\":\"ListItem\",\"position\":1,\"item\":{\"@type\":\"WebPage\",\"@id\":\"https:\/\/yar.deutschetage.ru\/\",\"url\":\"https:\/\/yar.deutschetage.ru\/\",\"name\":\"\\u0413\\u043b\\u0430\\u0432\\u043d\\u0430\\u044f\"}},{\"@type\":\"ListItem\",\"position\":2,\"item\":{\"@type\":\"WebPage\",\"@id\":\"https:\/\/yar.deutschetage.ru\/dni-germanii-v-yaroslavskoj-oblasti-2019\/\",\"url\":\"https:\/\/yar.deutschetage.ru\/dni-germanii-v-yaroslavskoj-oblasti-2019\/\",\"name\":\"\\u0414\\u043d\\u0438 \\u0413\\u0435\\u0440\\u043c\\u0430\\u043d\\u0438\\u0438 \\u0432 \\u042f\\u0440\\u043e\\u0441\\u043b\\u0430\\u0432\\u0441\\u043a\\u043e\\u0439 \\u043e\\u0431\\u043b\\u0430\\u0441\\u0442\\u0438 2019\"}}]},{\"@type\":\"Person\",\"@id\":\"https:\/\/yar.deutschetage.ru\/de\/#\/schema\/person\/2245fbabe51e87216bd23df044af4cdd\",\"name\":\"admin\",\"image\":{\"@type\":\"ImageObject\",\"@id\":\"https:\/\/yar.deutschetage.ru\/de\/#personlogo\",\"inLanguage\":\"de-DE\",\"url\":\"https:\/\/secure.gravatar.com\/avatar\/9edfe14db71d8cc87d79077644a41dae?s=96&d=mm&r=g\",\"caption\":\"admin\"}}]}<\/script>\n<!-- \/ Yoast SEO plugin. -->","_links":{"self":[{"href":"https:\/\/yar.deutschetage.ru\/de\/wp-json\/wp\/v2\/posts\/945"}],"collection":[{"href":"https:\/\/yar.deutschetage.ru\/de\/wp-json\/wp\/v2\/posts"}],"about":[{"href":"https:\/\/yar.deutschetage.ru\/de\/wp-json\/wp\/v2\/types\/post"}],"author":[{"embeddable":true,"href":"https:\/\/yar.deutschetage.ru\/de\/wp-json\/wp\/v2\/users\/1"}],"replies":[{"embeddable":true,"href":"https:\/\/yar.deutschetage.ru\/de\/wp-json\/wp\/v2\/comments?post=945"}],"version-history":[{"count":6,"href":"https:\/\/yar.deutschetage.ru\/de\/wp-json\/wp\/v2\/posts\/945\/revisions"}],"predecessor-version":[{"id":982,"href":"https:\/\/yar.deutschetage.ru\/de\/wp-json\/wp\/v2\/posts\/945\/revisions\/982"}],"wp:featuredmedia":[{"embeddable":true,"href":"https:\/\/yar.deutschetage.ru\/de\/wp-json\/wp\/v2\/media\/946"}],"wp:attachment":[{"href":"https:\/\/yar.deutschetage.ru\/de\/wp-json\/wp\/v2\/media?parent=945"}],"wp:term":[{"taxonomy":"category","embeddable":true,"href":"https:\/\/yar.deutschetage.ru\/de\/wp-json\/wp\/v2\/categories?post=945"},{"taxonomy":"post_tag","embeddable":true,"href":"https:\/\/yar.deutschetage.ru\/de\/wp-json\/wp\/v2\/tags?post=945"}],"curies":[{"name":"wp","href":"https:\/\/api.w.org\/{rel}","templated":true}]}}