{"id":961,"date":"2020-12-19T13:16:00","date_gmt":"2020-12-19T13:16:00","guid":{"rendered":"https:\/\/yar.deutschetage.ru\/?p=961"},"modified":"2021-01-26T14:35:14","modified_gmt":"2021-01-26T14:35:14","slug":"dni-germanii-v-yaroslavskoj-oblasti-2016","status":"publish","type":"post","link":"https:\/\/yar.deutschetage.ru\/de\/dni-germanii-v-yaroslavskoj-oblasti-2016\/","title":{"rendered":"Deutsche Tage in der Region Jaroslawl 2016"},"content":{"rendered":"\n<p><strong>O Sport! Du bist der Friede!<\/strong><\/p>\n\n\n\n<p>2016 ist ein Sportjahr. Die ganze Welt verfolgt mit Interesse die Ereignisse der Olympischen Sommerspiele 2016.<\/p>\n\n\n\n<div class=\"wp-block-media-text alignwide is-stacked-on-mobile\"><figure class=\"wp-block-media-text__media\"><img loading=\"lazy\" width=\"750\" height=\"562\" src=\"https:\/\/yar.deutschetage.ru\/wp-content\/uploads\/2021\/01\/titel.png\" alt=\"\" class=\"wp-image-966\" srcset=\"https:\/\/yar.deutschetage.ru\/wp-content\/uploads\/2021\/01\/titel.png 750w, https:\/\/yar.deutschetage.ru\/wp-content\/uploads\/2021\/01\/titel-300x225.png 300w\" sizes=\"(max-width: 750px) 100vw, 750px\" \/><\/figure><div class=\"wp-block-media-text__content\">\n<p>Deutsche Tage &nbsp;in Jaroslawl &nbsp;2016 wurden unter dem Motto &#8222;Oh Sport! Du bist der Friede&#8220; veranstaltet und hat viele Teilnehmer von verschiedenen Alten und Berufen in den bunten Veranstaltungen vereinigt.<\/p>\n<\/div><\/div>\n\n\n\n<p>G\u00e4ste des Festivals waren Vertreter der deutschen Sportverb\u00e4nde und Vereine. Als Ehrengast hat &nbsp;in Jaroslawl Herr Hans Eichel, Bundesminister a.D., Gr\u00fcnder der Partnerschaft Hessen \u2013 Jaroslawl, besucht. Vom 21. bis 26.April 2016 fanden in Jaroslawl verschiedene sportliche, kulturelle und kreative Ma\u00dfnahmen, an den mehr als 1000 &nbsp;Teilnehmer und Teilnehmerinnen besuchte.<\/p>\n\n\n\n<p>Informationen \u00fcber durchgef\u00fchrte Massnahmen finden Sie hier:<\/p>\n\n\n\n<p><a href=\"https:\/\/drive.google.com\/file\/d\/1ai3GLACrwr9uiRTD9AsO1Cp-4VYqXYN4\/view?usp=sharing\">https:\/\/drive.google.com\/file\/d\/1ai3GLACrwr9uiRTD9AsO1Cp-4VYqXYN4\/view?usp=sharing<\/a><\/p>\n\n\n\n<figure class=\"wp-block-image size-large\"><img loading=\"lazy\" width=\"1024\" height=\"683\" src=\"https:\/\/yar.deutschetage.ru\/wp-content\/uploads\/2021\/01\/img_0113-1024x683.jpg\" alt=\"\" class=\"wp-image-970\" srcset=\"https:\/\/yar.deutschetage.ru\/wp-content\/uploads\/2021\/01\/img_0113-1024x683.jpg 1024w, https:\/\/yar.deutschetage.ru\/wp-content\/uploads\/2021\/01\/img_0113-300x200.jpg 300w, https:\/\/yar.deutschetage.ru\/wp-content\/uploads\/2021\/01\/img_0113-768x512.jpg 768w, https:\/\/yar.deutschetage.ru\/wp-content\/uploads\/2021\/01\/img_0113.jpg 1296w\" sizes=\"(max-width: 1024px) 100vw, 1024px\" \/><\/figure>\n","protected":false},"excerpt":{"rendered":"<p>O Sport! Du bist der Friede! 2016 ist ein Sportjahr. Die ganze Welt verfolgt mit Interesse die Ereignisse der Olympischen Sommerspiele 2016. Deutsche Tage &nbsp;in Jaroslawl &nbsp;2016 wurden unter dem Motto &#8222;Oh Sport! Du bist der Friede&#8220; veranstaltet und hat viele Teilnehmer von verschiedenen Alten und Berufen in den bunten Veranstaltungen vereinigt. G\u00e4ste des Festivals [&hellip;]<\/p>\n","protected":false},"author":1,"featured_media":966,"comment_status":"closed","ping_status":"open","sticky":false,"template":"","format":"standard","meta":[],"categories":[6],"tags":[],"yoast_head":"<!-- This site is optimized with the Yoast SEO plugin v14.9 - https:\/\/yoast.com\/wordpress\/plugins\/seo\/ -->\n<title>Deutsche Tage in der Region Jaroslawl 2016 - Deutsche Tage in der Region Jaroslawl<\/title>\n<meta name=\"robots\" content=\"index, follow, max-snippet:-1, max-image-preview:large, max-video-preview:-1\" \/>\n<link rel=\"canonical\" href=\"https:\/\/yar.deutschetage.ru\/dni-germanii-v-yaroslavskoj-oblasti-2016\/\" \/>\n<meta property=\"og:locale\" content=\"de_DE\" \/>\n<meta property=\"og:type\" content=\"article\" \/>\n<meta property=\"og:title\" content=\"Deutsche Tage in der Region Jaroslawl 2016 - Deutsche Tage in der Region Jaroslawl\" \/>\n<meta property=\"og:url\" content=\"https:\/\/yar.deutschetage.ru\/dni-germanii-v-yaroslavskoj-oblasti-2016\/\" \/>\n<meta property=\"og:site_name\" content=\"Deutsche Tage in der Region Jaroslawl\" \/>\n<meta property=\"article:publisher\" content=\"https:\/\/www.facebook.com\/groups\/druzjagermanii\" \/>\n<meta property=\"article:published_time\" content=\"2020-12-19T13:16:00+00:00\" \/>\n<meta property=\"article:modified_time\" content=\"2021-01-26T14:35:14+00:00\" \/>\n<meta property=\"og:image\" content=\"https:\/\/yar.deutschetage.ru\/wp-content\/uploads\/2021\/01\/titel.png\" \/>\n\t<meta property=\"og:image:width\" content=\"750\" \/>\n\t<meta property=\"og:image:height\" content=\"562\" \/>\n<meta name=\"twitter:card\" content=\"summary_large_image\" \/>\n<script type=\"application\/ld+json\" class=\"yoast-schema-graph\">{\"@context\":\"https:\/\/schema.org\",\"@graph\":[{\"@type\":\"WebSite\",\"@id\":\"https:\/\/yar.deutschetage.ru\/de\/#website\",\"url\":\"https:\/\/yar.deutschetage.ru\/de\/\",\"name\":\"Deutsche Tage in der Region Jaroslawl\",\"description\":\"Wissenschaftliche Fantastik oder fantastische Wissenschaft\",\"potentialAction\":[{\"@type\":\"SearchAction\",\"target\":\"https:\/\/yar.deutschetage.ru\/de\/?s={search_term_string}\",\"query-input\":\"required name=search_term_string\"}],\"inLanguage\":\"de-DE\"},{\"@type\":\"ImageObject\",\"@id\":\"https:\/\/yar.deutschetage.ru\/dni-germanii-v-yaroslavskoj-oblasti-2016\/#primaryimage\",\"inLanguage\":\"de-DE\",\"url\":\"https:\/\/yar.deutschetage.ru\/wp-content\/uploads\/2021\/01\/titel.png\",\"width\":750,\"height\":562},{\"@type\":\"WebPage\",\"@id\":\"https:\/\/yar.deutschetage.ru\/dni-germanii-v-yaroslavskoj-oblasti-2016\/#webpage\",\"url\":\"https:\/\/yar.deutschetage.ru\/dni-germanii-v-yaroslavskoj-oblasti-2016\/\",\"name\":\"Deutsche Tage in der Region Jaroslawl 2016 - Deutsche Tage in der Region Jaroslawl\",\"isPartOf\":{\"@id\":\"https:\/\/yar.deutschetage.ru\/de\/#website\"},\"primaryImageOfPage\":{\"@id\":\"https:\/\/yar.deutschetage.ru\/dni-germanii-v-yaroslavskoj-oblasti-2016\/#primaryimage\"},\"datePublished\":\"2020-12-19T13:16:00+00:00\",\"dateModified\":\"2021-01-26T14:35:14+00:00\",\"author\":{\"@id\":\"https:\/\/yar.deutschetage.ru\/de\/#\/schema\/person\/2245fbabe51e87216bd23df044af4cdd\"},\"breadcrumb\":{\"@id\":\"https:\/\/yar.deutschetage.ru\/dni-germanii-v-yaroslavskoj-oblasti-2016\/#breadcrumb\"},\"inLanguage\":\"de-DE\",\"potentialAction\":[{\"@type\":\"ReadAction\",\"target\":[\"https:\/\/yar.deutschetage.ru\/dni-germanii-v-yaroslavskoj-oblasti-2016\/\"]}]},{\"@type\":\"BreadcrumbList\",\"@id\":\"https:\/\/yar.deutschetage.ru\/dni-germanii-v-yaroslavskoj-oblasti-2016\/#breadcrumb\",\"itemListElement\":[{\"@type\":\"ListItem\",\"position\":1,\"item\":{\"@type\":\"WebPage\",\"@id\":\"https:\/\/yar.deutschetage.ru\/\",\"url\":\"https:\/\/yar.deutschetage.ru\/\",\"name\":\"\\u0413\\u043b\\u0430\\u0432\\u043d\\u0430\\u044f\"}},{\"@type\":\"ListItem\",\"position\":2,\"item\":{\"@type\":\"WebPage\",\"@id\":\"https:\/\/yar.deutschetage.ru\/dni-germanii-v-yaroslavskoj-oblasti-2016\/\",\"url\":\"https:\/\/yar.deutschetage.ru\/dni-germanii-v-yaroslavskoj-oblasti-2016\/\",\"name\":\"\\u0414\\u043d\\u0438 \\u0413\\u0435\\u0440\\u043c\\u0430\\u043d\\u0438\\u0438 \\u0432 \\u042f\\u0440\\u043e\\u0441\\u043b\\u0430\\u0432\\u0441\\u043a\\u043e\\u0439 \\u043e\\u0431\\u043b\\u0430\\u0441\\u0442\\u0438 2016\"}}]},{\"@type\":\"Person\",\"@id\":\"https:\/\/yar.deutschetage.ru\/de\/#\/schema\/person\/2245fbabe51e87216bd23df044af4cdd\",\"name\":\"admin\",\"image\":{\"@type\":\"ImageObject\",\"@id\":\"https:\/\/yar.deutschetage.ru\/de\/#personlogo\",\"inLanguage\":\"de-DE\",\"url\":\"https:\/\/secure.gravatar.com\/avatar\/9edfe14db71d8cc87d79077644a41dae?s=96&d=mm&r=g\",\"caption\":\"admin\"}}]}<\/script>\n<!-- \/ Yoast SEO plugin. -->","_links":{"self":[{"href":"https:\/\/yar.deutschetage.ru\/de\/wp-json\/wp\/v2\/posts\/961"}],"collection":[{"href":"https:\/\/yar.deutschetage.ru\/de\/wp-json\/wp\/v2\/posts"}],"about":[{"href":"https:\/\/yar.deutschetage.ru\/de\/wp-json\/wp\/v2\/types\/post"}],"author":[{"embeddable":true,"href":"https:\/\/yar.deutschetage.ru\/de\/wp-json\/wp\/v2\/users\/1"}],"replies":[{"embeddable":true,"href":"https:\/\/yar.deutschetage.ru\/de\/wp-json\/wp\/v2\/comments?post=961"}],"version-history":[{"count":7,"href":"https:\/\/yar.deutschetage.ru\/de\/wp-json\/wp\/v2\/posts\/961\/revisions"}],"predecessor-version":[{"id":974,"href":"https:\/\/yar.deutschetage.ru\/de\/wp-json\/wp\/v2\/posts\/961\/revisions\/974"}],"wp:featuredmedia":[{"embeddable":true,"href":"https:\/\/yar.deutschetage.ru\/de\/wp-json\/wp\/v2\/media\/966"}],"wp:attachment":[{"href":"https:\/\/yar.deutschetage.ru\/de\/wp-json\/wp\/v2\/media?parent=961"}],"wp:term":[{"taxonomy":"category","embeddable":true,"href":"https:\/\/yar.deutschetage.ru\/de\/wp-json\/wp\/v2\/categories?post=961"},{"taxonomy":"post_tag","embeddable":true,"href":"https:\/\/yar.deutschetage.ru\/de\/wp-json\/wp\/v2\/tags?post=961"}],"curies":[{"name":"wp","href":"https:\/\/api.w.org\/{rel}","templated":true}]}}