{"id":983,"date":"2020-12-15T15:06:00","date_gmt":"2020-12-15T15:06:00","guid":{"rendered":"https:\/\/yar.deutschetage.ru\/?p=983"},"modified":"2021-01-26T15:15:44","modified_gmt":"2021-01-26T15:15:44","slug":"dni-germanii-v-yaroslavskoj-oblasti-2014","status":"publish","type":"post","link":"https:\/\/yar.deutschetage.ru\/de\/dni-germanii-v-yaroslavskoj-oblasti-2014\/","title":{"rendered":"Deutsche Tage in der Region Jaroslawl 2014"},"content":{"rendered":"\n<div class=\"wp-block-media-text alignwide has-media-on-the-right is-stacked-on-mobile\"><figure class=\"wp-block-media-text__media\"><img loading=\"lazy\" width=\"676\" height=\"480\" src=\"https:\/\/yar.deutschetage.ru\/wp-content\/uploads\/2021\/01\/dsc_8319-small.jpg\" alt=\"\" class=\"wp-image-986\" srcset=\"https:\/\/yar.deutschetage.ru\/wp-content\/uploads\/2021\/01\/dsc_8319-small.jpg 676w, https:\/\/yar.deutschetage.ru\/wp-content\/uploads\/2021\/01\/dsc_8319-small-300x213.jpg 300w\" sizes=\"(max-width: 676px) 100vw, 676px\" \/><\/figure><div class=\"wp-block-media-text__content\">\n<p><strong>FASZINATION LESEN<\/strong><\/p>\n\n\n\n<p>\u201eBildung durch Unterhaltung\u201c<\/p>\n<\/div><\/div>\n\n\n\n<p><strong>Programmschwerpunkte<\/strong><\/p>\n\n\n\n<ul><li>Programm \u201cFaszination Lesen\u201d zur F\u00f6rderung vom Interesse f\u00fcr<em>deutsche Literatur<\/em>und <em>Sprache<\/em> in der Region unter dem Motto \u201cBildung durch Unterhaltung\u201d;<\/li><li>Kreatives Projekt \u201eMein Goethe\u201c;<\/li><li>Rundtisch-Gespr\u00e4ch \u201eDeutschland und Russland im Fokus der wirtschaftlichen Kooperation am Beispiel der Region Jaroslawl\u201c mit Teilnahme der Wirtschaftskreise aus Deutschland und Russland;<\/li><li>\u00d6ffentliche Diskussionen;<\/li><li>Seminare, Master-Klasse zu dem zentralen Thema des Festivals \u201eDeutsche Sprache und deutsche Literatur\u201c;<\/li><li>Thematische Ausstellungen in den \u00f6ffentlichen B\u00fcchereien der Region;<\/li><li>Wettbewerbe und Quiz f\u00fcr offenes Publikum.<\/li><\/ul>\n\n\n\n<p>Als <strong>zentrales Event<\/strong> des Festivals ist eine das ganze Projekt umrahmende <em>Er\u00f6ffnungs<\/em><em>&#8211; <\/em><em>und Schlussveranstaltung geplant, in der in kreativer Form das Programm des Festivals vorgestellt bzw. Resultate des Projektes evaluiert werden.<\/em><\/p>\n\n\n\n<p><strong>Zentralprojekt des Festivals \u201eFaszination Lesen\u201c<\/strong><\/p>\n\n\n\n<p>Ein buntes Programm \u201cFaszination Lesen\u201d zur F\u00f6rderung vom Interesse f\u00fcr <em>deutsche Literatur<\/em> und <em>Sprache<\/em> in der Region unter dem Motto \u201cBildung durch Unterhaltung\u201d. Das Thema soll im Labyrinth von vielen verschiedenen Events&nbsp; erfahrbar gemacht werden und allen Teilnehmern viel Freude, Spa\u00df und Erkenntnis beim Durchwandern der Geschichte und der Bedeutung der deutschen Literatur als Faszination in unserem All\u00adtag, in der Wissenschaft und in der Bildung bereiten.<\/p>\n\n\n\n<p>Informationen \u00fcber durchgef\u00fchrten Ma\u00dfnahmen finden Sie hier:<\/p>\n\n\n\n<p><a href=\"https:\/\/drive.google.com\/file\/d\/1bhfLcf-Er2naKfXY3dpTDT7tlL7f6EN9\/view?usp=sharing\">https:\/\/drive.google.com\/file\/d\/1bhfLcf-Er2naKfXY3dpTDT7tlL7f6EN9\/view?usp=sharing<\/a><\/p>\n\n\n\n<figure class=\"wp-block-image size-large\"><img loading=\"lazy\" width=\"720\" height=\"480\" src=\"https:\/\/yar.deutschetage.ru\/wp-content\/uploads\/2021\/01\/dsc_0277-small.jpg\" alt=\"\" class=\"wp-image-984\" srcset=\"https:\/\/yar.deutschetage.ru\/wp-content\/uploads\/2021\/01\/dsc_0277-small.jpg 720w, https:\/\/yar.deutschetage.ru\/wp-content\/uploads\/2021\/01\/dsc_0277-small-300x200.jpg 300w\" sizes=\"(max-width: 720px) 100vw, 720px\" \/><\/figure>\n","protected":false},"excerpt":{"rendered":"<p>FASZINATION LESEN \u201eBildung durch Unterhaltung\u201c Programmschwerpunkte Programm \u201cFaszination Lesen\u201d zur F\u00f6rderung vom Interesse f\u00fcrdeutsche Literaturund Sprache in der Region unter dem Motto \u201cBildung durch Unterhaltung\u201d; Kreatives Projekt \u201eMein Goethe\u201c; Rundtisch-Gespr\u00e4ch \u201eDeutschland und Russland im Fokus der wirtschaftlichen Kooperation am Beispiel der Region Jaroslawl\u201c mit Teilnahme der Wirtschaftskreise aus Deutschland und Russland; \u00d6ffentliche Diskussionen; Seminare, Master-Klasse [&hellip;]<\/p>\n","protected":false},"author":1,"featured_media":986,"comment_status":"closed","ping_status":"open","sticky":false,"template":"","format":"standard","meta":[],"categories":[6],"tags":[],"yoast_head":"<!-- This site is optimized with the Yoast SEO plugin v14.9 - https:\/\/yoast.com\/wordpress\/plugins\/seo\/ -->\n<title>Deutsche Tage in der Region Jaroslawl 2014 - Deutsche Tage in der Region Jaroslawl<\/title>\n<meta name=\"robots\" content=\"index, follow, max-snippet:-1, max-image-preview:large, max-video-preview:-1\" \/>\n<link rel=\"canonical\" href=\"https:\/\/yar.deutschetage.ru\/dni-germanii-v-yaroslavskoj-oblasti-2014\/\" \/>\n<meta property=\"og:locale\" content=\"de_DE\" \/>\n<meta property=\"og:type\" content=\"article\" \/>\n<meta property=\"og:title\" content=\"Deutsche Tage in der Region Jaroslawl 2014 - Deutsche Tage in der Region Jaroslawl\" \/>\n<meta property=\"og:url\" content=\"https:\/\/yar.deutschetage.ru\/dni-germanii-v-yaroslavskoj-oblasti-2014\/\" \/>\n<meta property=\"og:site_name\" content=\"Deutsche Tage in der Region Jaroslawl\" \/>\n<meta property=\"article:publisher\" content=\"https:\/\/www.facebook.com\/groups\/druzjagermanii\" \/>\n<meta property=\"article:published_time\" content=\"2020-12-15T15:06:00+00:00\" \/>\n<meta property=\"article:modified_time\" content=\"2021-01-26T15:15:44+00:00\" \/>\n<meta property=\"og:image\" content=\"https:\/\/yar.deutschetage.ru\/wp-content\/uploads\/2021\/01\/dsc_8319-small.jpg\" \/>\n\t<meta property=\"og:image:width\" content=\"676\" \/>\n\t<meta property=\"og:image:height\" content=\"480\" \/>\n<meta name=\"twitter:card\" content=\"summary_large_image\" \/>\n<script type=\"application\/ld+json\" class=\"yoast-schema-graph\">{\"@context\":\"https:\/\/schema.org\",\"@graph\":[{\"@type\":\"WebSite\",\"@id\":\"https:\/\/yar.deutschetage.ru\/de\/#website\",\"url\":\"https:\/\/yar.deutschetage.ru\/de\/\",\"name\":\"Deutsche Tage in der Region Jaroslawl\",\"description\":\"Wissenschaftliche Fantastik oder fantastische Wissenschaft\",\"potentialAction\":[{\"@type\":\"SearchAction\",\"target\":\"https:\/\/yar.deutschetage.ru\/de\/?s={search_term_string}\",\"query-input\":\"required name=search_term_string\"}],\"inLanguage\":\"de-DE\"},{\"@type\":\"ImageObject\",\"@id\":\"https:\/\/yar.deutschetage.ru\/dni-germanii-v-yaroslavskoj-oblasti-2014\/#primaryimage\",\"inLanguage\":\"de-DE\",\"url\":\"https:\/\/yar.deutschetage.ru\/wp-content\/uploads\/2021\/01\/dsc_8319-small.jpg\",\"width\":676,\"height\":480},{\"@type\":\"WebPage\",\"@id\":\"https:\/\/yar.deutschetage.ru\/dni-germanii-v-yaroslavskoj-oblasti-2014\/#webpage\",\"url\":\"https:\/\/yar.deutschetage.ru\/dni-germanii-v-yaroslavskoj-oblasti-2014\/\",\"name\":\"Deutsche Tage in der Region Jaroslawl 2014 - Deutsche Tage in der Region Jaroslawl\",\"isPartOf\":{\"@id\":\"https:\/\/yar.deutschetage.ru\/de\/#website\"},\"primaryImageOfPage\":{\"@id\":\"https:\/\/yar.deutschetage.ru\/dni-germanii-v-yaroslavskoj-oblasti-2014\/#primaryimage\"},\"datePublished\":\"2020-12-15T15:06:00+00:00\",\"dateModified\":\"2021-01-26T15:15:44+00:00\",\"author\":{\"@id\":\"https:\/\/yar.deutschetage.ru\/de\/#\/schema\/person\/2245fbabe51e87216bd23df044af4cdd\"},\"breadcrumb\":{\"@id\":\"https:\/\/yar.deutschetage.ru\/dni-germanii-v-yaroslavskoj-oblasti-2014\/#breadcrumb\"},\"inLanguage\":\"de-DE\",\"potentialAction\":[{\"@type\":\"ReadAction\",\"target\":[\"https:\/\/yar.deutschetage.ru\/dni-germanii-v-yaroslavskoj-oblasti-2014\/\"]}]},{\"@type\":\"BreadcrumbList\",\"@id\":\"https:\/\/yar.deutschetage.ru\/dni-germanii-v-yaroslavskoj-oblasti-2014\/#breadcrumb\",\"itemListElement\":[{\"@type\":\"ListItem\",\"position\":1,\"item\":{\"@type\":\"WebPage\",\"@id\":\"https:\/\/yar.deutschetage.ru\/\",\"url\":\"https:\/\/yar.deutschetage.ru\/\",\"name\":\"\\u0413\\u043b\\u0430\\u0432\\u043d\\u0430\\u044f\"}},{\"@type\":\"ListItem\",\"position\":2,\"item\":{\"@type\":\"WebPage\",\"@id\":\"https:\/\/yar.deutschetage.ru\/dni-germanii-v-yaroslavskoj-oblasti-2014\/\",\"url\":\"https:\/\/yar.deutschetage.ru\/dni-germanii-v-yaroslavskoj-oblasti-2014\/\",\"name\":\"\\u0414\\u043d\\u0438 \\u0413\\u0435\\u0440\\u043c\\u0430\\u043d\\u0438\\u0438 \\u0432 \\u042f\\u0440\\u043e\\u0441\\u043b\\u0430\\u0432\\u0441\\u043a\\u043e\\u0439 \\u043e\\u0431\\u043b\\u0430\\u0441\\u0442\\u0438 2014\"}}]},{\"@type\":\"Person\",\"@id\":\"https:\/\/yar.deutschetage.ru\/de\/#\/schema\/person\/2245fbabe51e87216bd23df044af4cdd\",\"name\":\"admin\",\"image\":{\"@type\":\"ImageObject\",\"@id\":\"https:\/\/yar.deutschetage.ru\/de\/#personlogo\",\"inLanguage\":\"de-DE\",\"url\":\"https:\/\/secure.gravatar.com\/avatar\/9edfe14db71d8cc87d79077644a41dae?s=96&d=mm&r=g\",\"caption\":\"admin\"}}]}<\/script>\n<!-- \/ Yoast SEO plugin. -->","_links":{"self":[{"href":"https:\/\/yar.deutschetage.ru\/de\/wp-json\/wp\/v2\/posts\/983"}],"collection":[{"href":"https:\/\/yar.deutschetage.ru\/de\/wp-json\/wp\/v2\/posts"}],"about":[{"href":"https:\/\/yar.deutschetage.ru\/de\/wp-json\/wp\/v2\/types\/post"}],"author":[{"embeddable":true,"href":"https:\/\/yar.deutschetage.ru\/de\/wp-json\/wp\/v2\/users\/1"}],"replies":[{"embeddable":true,"href":"https:\/\/yar.deutschetage.ru\/de\/wp-json\/wp\/v2\/comments?post=983"}],"version-history":[{"count":4,"href":"https:\/\/yar.deutschetage.ru\/de\/wp-json\/wp\/v2\/posts\/983\/revisions"}],"predecessor-version":[{"id":989,"href":"https:\/\/yar.deutschetage.ru\/de\/wp-json\/wp\/v2\/posts\/983\/revisions\/989"}],"wp:featuredmedia":[{"embeddable":true,"href":"https:\/\/yar.deutschetage.ru\/de\/wp-json\/wp\/v2\/media\/986"}],"wp:attachment":[{"href":"https:\/\/yar.deutschetage.ru\/de\/wp-json\/wp\/v2\/media?parent=983"}],"wp:term":[{"taxonomy":"category","embeddable":true,"href":"https:\/\/yar.deutschetage.ru\/de\/wp-json\/wp\/v2\/categories?post=983"},{"taxonomy":"post_tag","embeddable":true,"href":"https:\/\/yar.deutschetage.ru\/de\/wp-json\/wp\/v2\/tags?post=983"}],"curies":[{"name":"wp","href":"https:\/\/api.w.org\/{rel}","templated":true}]}}